{"id":926,"date":"2011-09-18T22:13:30","date_gmt":"2011-09-18T21:13:30","guid":{"rendered":"http:\/\/www.aikidofranchecomte.fr\/?p=926"},"modified":"2012-06-04T23:22:38","modified_gmt":"2012-06-04T22:22:38","slug":"preparation-1-2e-dan-avec-djelloul-fertane-2","status":"publish","type":"post","link":"https:\/\/www.aikidofranchecomte.fr\/?p=926","title":{"rendered":"Pr\u00e9paration 1-2\u00e8 Dan avec Djelloul Fertane"},"content":{"rendered":"<p>Stage le 9 Octobre 2011 \u00e0 Pontarlier : <a href='http:\/\/www.aikidofranchecomte.fr\/wp-content\/uploads\/2011\/09\/affiche-pr\u00e9pa-1-2-2011DjelloulF1.pdf'>affiche pr\u00e9pa 1-2-2011DjelloulFertane<\/a><\/p>\n","protected":false},"excerpt":{"rendered":"<p>Stage le 9 Octobre 2011 \u00e0 Pontarlier : affiche pr\u00e9pa 1-2-2011DjelloulFertane<\/p>\n","protected":false},"author":3,"featured_media":0,"comment_status":"closed","ping_status":"open","sticky":false,"template":"","format":"standard","meta":{"ngg_post_thumbnail":0,"footnotes":""},"categories":[21],"tags":[],"class_list":["post-926","post","type-post","status-publish","format-standard","hentry","category-cat_inf_stages_archives_2011"],"_links":{"self":[{"href":"https:\/\/www.aikidofranchecomte.fr\/index.php?rest_route=\/wp\/v2\/posts\/926","targetHints":{"allow":["GET"]}}],"collection":[{"href":"https:\/\/www.aikidofranchecomte.fr\/index.php?rest_route=\/wp\/v2\/posts"}],"about":[{"href":"https:\/\/www.aikidofranchecomte.fr\/index.php?rest_route=\/wp\/v2\/types\/post"}],"author":[{"embeddable":true,"href":"https:\/\/www.aikidofranchecomte.fr\/index.php?rest_route=\/wp\/v2\/users\/3"}],"replies":[{"embeddable":true,"href":"https:\/\/www.aikidofranchecomte.fr\/index.php?rest_route=%2Fwp%2Fv2%2Fcomments&post=926"}],"version-history":[{"count":6,"href":"https:\/\/www.aikidofranchecomte.fr\/index.php?rest_route=\/wp\/v2\/posts\/926\/revisions"}],"predecessor-version":[{"id":1156,"href":"https:\/\/www.aikidofranchecomte.fr\/index.php?rest_route=\/wp\/v2\/posts\/926\/revisions\/1156"}],"wp:attachment":[{"href":"https:\/\/www.aikidofranchecomte.fr\/index.php?rest_route=%2Fwp%2Fv2%2Fmedia&parent=926"}],"wp:term":[{"taxonomy":"category","embeddable":true,"href":"https:\/\/www.aikidofranchecomte.fr\/index.php?rest_route=%2Fwp%2Fv2%2Fcategories&post=926"},{"taxonomy":"post_tag","embeddable":true,"href":"https:\/\/www.aikidofranchecomte.fr\/index.php?rest_route=%2Fwp%2Fv2%2Ftags&post=926"}],"curies":[{"name":"wp","href":"https:\/\/api.w.org\/{rel}","templated":true}]}}