{"id":7270,"date":"2022-12-19T21:13:23","date_gmt":"2022-12-19T20:13:23","guid":{"rendered":"http:\/\/www.aikidofranchecomte.fr\/?p=7270"},"modified":"2022-12-19T21:13:23","modified_gmt":"2022-12-19T20:13:23","slug":"compte-rendu-preparation-1er-et-2eme-dan-du-11-decembre-2022","status":"publish","type":"post","link":"https:\/\/www.aikidofranchecomte.fr\/?p=7270","title":{"rendered":"Compte-rendu &#8211; pr\u00e9paration 1er et 2\u00e8me Dan  du 11 d\u00e9cembre 2022"},"content":{"rendered":"<p>ngg_shortcode_0_placeholder<br \/>\n<img loading=\"lazy\" decoding=\"async\" src=\"http:\/\/www.aikidofranchecomte.fr\/wp-content\/uploads\/2022\/12\/Sans-titre-1-724x1024.jpg\" alt=\"\" width=\"627\" height=\"887\" class=\"alignleft size-large wp-image-7271\" srcset=\"https:\/\/www.aikidofranchecomte.fr\/wp-content\/uploads\/2022\/12\/Sans-titre-1-724x1024.jpg 724w, https:\/\/www.aikidofranchecomte.fr\/wp-content\/uploads\/2022\/12\/Sans-titre-1-212x300.jpg 212w, https:\/\/www.aikidofranchecomte.fr\/wp-content\/uploads\/2022\/12\/Sans-titre-1-768x1086.jpg 768w, https:\/\/www.aikidofranchecomte.fr\/wp-content\/uploads\/2022\/12\/Sans-titre-1-1086x1536.jpg 1086w, https:\/\/www.aikidofranchecomte.fr\/wp-content\/uploads\/2022\/12\/Sans-titre-1-1448x2048.jpg 1448w, https:\/\/www.aikidofranchecomte.fr\/wp-content\/uploads\/2022\/12\/Sans-titre-1-scaled.jpg 1810w\" sizes=\"auto, (max-width: 627px) 100vw, 627px\" \/><\/p>\n","protected":false},"excerpt":{"rendered":"","protected":false},"author":5,"featured_media":0,"comment_status":"closed","ping_status":"open","sticky":false,"template":"","format":"standard","meta":{"ngg_post_thumbnail":0,"footnotes":""},"categories":[12],"tags":[],"class_list":["post-7270","post","type-post","status-publish","format-standard","hentry","category-cat_actu"],"_links":{"self":[{"href":"https:\/\/www.aikidofranchecomte.fr\/index.php?rest_route=\/wp\/v2\/posts\/7270","targetHints":{"allow":["GET"]}}],"collection":[{"href":"https:\/\/www.aikidofranchecomte.fr\/index.php?rest_route=\/wp\/v2\/posts"}],"about":[{"href":"https:\/\/www.aikidofranchecomte.fr\/index.php?rest_route=\/wp\/v2\/types\/post"}],"author":[{"embeddable":true,"href":"https:\/\/www.aikidofranchecomte.fr\/index.php?rest_route=\/wp\/v2\/users\/5"}],"replies":[{"embeddable":true,"href":"https:\/\/www.aikidofranchecomte.fr\/index.php?rest_route=%2Fwp%2Fv2%2Fcomments&post=7270"}],"version-history":[{"count":1,"href":"https:\/\/www.aikidofranchecomte.fr\/index.php?rest_route=\/wp\/v2\/posts\/7270\/revisions"}],"predecessor-version":[{"id":7272,"href":"https:\/\/www.aikidofranchecomte.fr\/index.php?rest_route=\/wp\/v2\/posts\/7270\/revisions\/7272"}],"wp:attachment":[{"href":"https:\/\/www.aikidofranchecomte.fr\/index.php?rest_route=%2Fwp%2Fv2%2Fmedia&parent=7270"}],"wp:term":[{"taxonomy":"category","embeddable":true,"href":"https:\/\/www.aikidofranchecomte.fr\/index.php?rest_route=%2Fwp%2Fv2%2Fcategories&post=7270"},{"taxonomy":"post_tag","embeddable":true,"href":"https:\/\/www.aikidofranchecomte.fr\/index.php?rest_route=%2Fwp%2Fv2%2Ftags&post=7270"}],"curies":[{"name":"wp","href":"https:\/\/api.w.org\/{rel}","templated":true}]}}