{"id":693,"date":"2011-02-03T16:28:10","date_gmt":"2011-02-03T15:28:10","guid":{"rendered":"http:\/\/www.aikidofranchecomte.fr\/?p=693"},"modified":"2012-06-04T23:14:32","modified_gmt":"2012-06-04T22:14:32","slug":"preparation-1-2e-dan-avec-s-beauseigneur-et-tm-aubry","status":"publish","type":"post","link":"https:\/\/www.aikidofranchecomte.fr\/?p=693","title":{"rendered":"Pr\u00e9paration 1-2\u00e8 dan avec S.Beauseigneur et TM.Aubry"},"content":{"rendered":"<p>Stage le 20 f\u00e9vrier 2011 \u00e0 Audincourt : <a href='http:\/\/www.aikidofranchecomte.fr\/wp-content\/uploads\/2011\/02\/affiche_stage_pr\u00e9paration-1-2dan-tma-sb.pdf'>affiche stage 1-2dan 20Fev Audincourt<\/a><\/p>\n","protected":false},"excerpt":{"rendered":"<p>Stage le 20 f\u00e9vrier 2011 \u00e0 Audincourt : affiche stage 1-2dan 20Fev Audincourt<\/p>\n","protected":false},"author":3,"featured_media":0,"comment_status":"closed","ping_status":"open","sticky":false,"template":"","format":"standard","meta":{"ngg_post_thumbnail":0,"footnotes":""},"categories":[21],"tags":[],"class_list":["post-693","post","type-post","status-publish","format-standard","hentry","category-cat_inf_stages_archives_2011"],"_links":{"self":[{"href":"https:\/\/www.aikidofranchecomte.fr\/index.php?rest_route=\/wp\/v2\/posts\/693","targetHints":{"allow":["GET"]}}],"collection":[{"href":"https:\/\/www.aikidofranchecomte.fr\/index.php?rest_route=\/wp\/v2\/posts"}],"about":[{"href":"https:\/\/www.aikidofranchecomte.fr\/index.php?rest_route=\/wp\/v2\/types\/post"}],"author":[{"embeddable":true,"href":"https:\/\/www.aikidofranchecomte.fr\/index.php?rest_route=\/wp\/v2\/users\/3"}],"replies":[{"embeddable":true,"href":"https:\/\/www.aikidofranchecomte.fr\/index.php?rest_route=%2Fwp%2Fv2%2Fcomments&post=693"}],"version-history":[{"count":3,"href":"https:\/\/www.aikidofranchecomte.fr\/index.php?rest_route=\/wp\/v2\/posts\/693\/revisions"}],"predecessor-version":[{"id":1146,"href":"https:\/\/www.aikidofranchecomte.fr\/index.php?rest_route=\/wp\/v2\/posts\/693\/revisions\/1146"}],"wp:attachment":[{"href":"https:\/\/www.aikidofranchecomte.fr\/index.php?rest_route=%2Fwp%2Fv2%2Fmedia&parent=693"}],"wp:term":[{"taxonomy":"category","embeddable":true,"href":"https:\/\/www.aikidofranchecomte.fr\/index.php?rest_route=%2Fwp%2Fv2%2Fcategories&post=693"},{"taxonomy":"post_tag","embeddable":true,"href":"https:\/\/www.aikidofranchecomte.fr\/index.php?rest_route=%2Fwp%2Fv2%2Ftags&post=693"}],"curies":[{"name":"wp","href":"https:\/\/api.w.org\/{rel}","templated":true}]}}