{"id":525,"date":"2010-10-07T21:29:33","date_gmt":"2010-10-07T20:29:33","guid":{"rendered":"http:\/\/www.aikidofranchecomte.fr\/?p=525"},"modified":"2021-04-30T10:12:13","modified_gmt":"2021-04-30T09:12:13","slug":"le-courant-aikikai-site-de-la-federation-ffab","status":"publish","type":"post","link":"https:\/\/www.aikidofranchecomte.fr\/?p=525","title":{"rendered":"Le courant  AIKIKAI  (site de la F\u00e9d\u00e9ration FFAB)"},"content":{"rendered":"<p>Il correspond au courant majoritaire de la FFAB, sous l&rsquo;\u00e9gide de <strong>TAMURA Sense\u00ef 8\u00e8me Dan<\/strong>,<br \/>\nqui malheureusement vient de nous quitter le 9 juillet 2010, \u00e0 l&rsquo;\u00e2ge de 77 ans .<\/p>\n<p>\u00ab Ma\u00eetre Nobuyoshi TAMURA n\u00e9 en 1933 \u00e0 Osaka, commence tr\u00e8s t\u00f4t la pratique des arts martiaux et devient rapidement l&rsquo;un des disciples les plus proches de O Sense\u00ef Morihei UESHIBA, fondateur de l&rsquo;A\u00efkido.<br \/>\nIl arrive en <strong>France en 1964<\/strong>, et va consacrer toute sa vie \u00e0 enseigner l&rsquo;A\u00efkido dans l&rsquo;hexagone,<br \/>\nmais aussi au niveau de l&rsquo;Europe en tant que d\u00e9l\u00e9gu\u00e9 de l&rsquo;A\u00efkika\u00ef de Tokyo.<br \/>\nSon efficacit\u00e9 hors du commun, malgr\u00e9 une fr\u00eale silhouette, provoque chez tous ceux qui l&rsquo;approchent un profond respect. Respect pour son A\u00efkido noble et \u00e9lev\u00e9, mais aussi pour sa fa\u00e7on de l&rsquo;enseigner<br \/>\navec coeur et justesse. \u00bb<br \/>\nC&rsquo;est un grand privil\u00e8ge d&rsquo;avoir pu b\u00e9n\u00e9ficier de son enseignement.<br \/>\nSur le plan national, 34 CEN ( charg\u00e9s d&rsquo;enseignement nationaux) vont poursuivre son enseignement , dans le respect d&rsquo;un Aikido traditionnel.<\/p>\n<p>En Franche-Comt\u00e9, Sandrine BEAUSEIGNEUR -5\u00e8me Dan et Jean-Paul MOINE &#8211; 7\u00e8me Dan font partie de ce \u00ab\u00a0coll\u00e8ge\u00a0\u00bb de hauts grad\u00e9s.<\/p>\n<p>17 clubs dans le CID repr\u00e9sentent le courant Aikikai (voir la liste des clubs).<\/p>\n<p><a href=\"http:\/\/www.aikidofranchecomte.fr\/wp-content\/uploads\/2010\/10\/tamura.jpg\"><img loading=\"lazy\" decoding=\"async\" class=\"aligncenter size-full wp-image-529\" title=\"tamura\" src=\"http:\/\/www.aikidofranchecomte.fr\/wp-content\/uploads\/2010\/10\/tamura.jpg\" alt=\"\" width=\"218\" height=\"300\"><\/a><\/p>\n","protected":false},"excerpt":{"rendered":"<p>Il correspond au courant majoritaire de la FFAB, sous l&rsquo;\u00e9gide de TAMURA Sense\u00ef 8\u00e8me Dan, qui malheureusement vient de nous quitter le 9 juillet 2010, \u00e0 l&rsquo;\u00e2ge de 77 ans . \u00ab Ma\u00eetre Nobuyoshi TAMURA n\u00e9 en 1933 \u00e0 Osaka, commence tr\u00e8s t\u00f4t la pratique des arts martiaux et devient rapidement l&rsquo;un des disciples les [&hellip;]<\/p>\n","protected":false},"author":3,"featured_media":0,"comment_status":"closed","ping_status":"open","sticky":false,"template":"","format":"standard","meta":{"ngg_post_thumbnail":0,"footnotes":""},"categories":[19],"tags":[],"class_list":["post-525","post","type-post","status-publish","format-standard","hentry","category-cat_courant"],"_links":{"self":[{"href":"https:\/\/www.aikidofranchecomte.fr\/index.php?rest_route=\/wp\/v2\/posts\/525","targetHints":{"allow":["GET"]}}],"collection":[{"href":"https:\/\/www.aikidofranchecomte.fr\/index.php?rest_route=\/wp\/v2\/posts"}],"about":[{"href":"https:\/\/www.aikidofranchecomte.fr\/index.php?rest_route=\/wp\/v2\/types\/post"}],"author":[{"embeddable":true,"href":"https:\/\/www.aikidofranchecomte.fr\/index.php?rest_route=\/wp\/v2\/users\/3"}],"replies":[{"embeddable":true,"href":"https:\/\/www.aikidofranchecomte.fr\/index.php?rest_route=%2Fwp%2Fv2%2Fcomments&post=525"}],"version-history":[{"count":24,"href":"https:\/\/www.aikidofranchecomte.fr\/index.php?rest_route=\/wp\/v2\/posts\/525\/revisions"}],"predecessor-version":[{"id":6201,"href":"https:\/\/www.aikidofranchecomte.fr\/index.php?rest_route=\/wp\/v2\/posts\/525\/revisions\/6201"}],"wp:attachment":[{"href":"https:\/\/www.aikidofranchecomte.fr\/index.php?rest_route=%2Fwp%2Fv2%2Fmedia&parent=525"}],"wp:term":[{"taxonomy":"category","embeddable":true,"href":"https:\/\/www.aikidofranchecomte.fr\/index.php?rest_route=%2Fwp%2Fv2%2Fcategories&post=525"},{"taxonomy":"post_tag","embeddable":true,"href":"https:\/\/www.aikidofranchecomte.fr\/index.php?rest_route=%2Fwp%2Fv2%2Ftags&post=525"}],"curies":[{"name":"wp","href":"https:\/\/api.w.org\/{rel}","templated":true}]}}