{"id":4919,"date":"2018-11-12T19:38:08","date_gmt":"2018-11-12T18:38:08","guid":{"rendered":"http:\/\/www.aikidofranchecomte.fr\/?p=4919"},"modified":"2018-11-12T19:38:08","modified_gmt":"2018-11-12T18:38:08","slug":"15-decembre-stage-prive-avec-jean-paul-moine-a-pontarlier","status":"publish","type":"post","link":"https:\/\/www.aikidofranchecomte.fr\/?p=4919","title":{"rendered":"15 d\u00e9cembre- stage priv\u00e9 avec Jean-Paul MOINE \u00e0 PONTARLIER"},"content":{"rendered":"<p><a href=\"http:\/\/www.aikidofranchecomte.fr\/?attachment_id=4921\" rel=\"attachment wp-att-4921\"><img loading=\"lazy\" decoding=\"async\" src=\"http:\/\/www.aikidofranchecomte.fr\/wp-content\/uploads\/2018\/11\/Stage-Jean-Paul-Pontarlier-20181-723x1024.jpg\" alt=\"\" title=\"Stage Jean Paul Pontarlier 2018\" width=\"627\" height=\"888\" class=\"alignleft size-large wp-image-4921\" srcset=\"https:\/\/www.aikidofranchecomte.fr\/wp-content\/uploads\/2018\/11\/Stage-Jean-Paul-Pontarlier-20181-723x1024.jpg 723w, https:\/\/www.aikidofranchecomte.fr\/wp-content\/uploads\/2018\/11\/Stage-Jean-Paul-Pontarlier-20181-212x300.jpg 212w\" sizes=\"auto, (max-width: 627px) 100vw, 627px\" \/><\/a><\/p>\n","protected":false},"excerpt":{"rendered":"","protected":false},"author":5,"featured_media":0,"comment_status":"closed","ping_status":"open","sticky":false,"template":"","format":"standard","meta":{"ngg_post_thumbnail":0,"footnotes":""},"categories":[27],"tags":[],"class_list":["post-4919","post","type-post","status-publish","format-standard","hentry","category-cat_inf_stages_prives"],"_links":{"self":[{"href":"https:\/\/www.aikidofranchecomte.fr\/index.php?rest_route=\/wp\/v2\/posts\/4919","targetHints":{"allow":["GET"]}}],"collection":[{"href":"https:\/\/www.aikidofranchecomte.fr\/index.php?rest_route=\/wp\/v2\/posts"}],"about":[{"href":"https:\/\/www.aikidofranchecomte.fr\/index.php?rest_route=\/wp\/v2\/types\/post"}],"author":[{"embeddable":true,"href":"https:\/\/www.aikidofranchecomte.fr\/index.php?rest_route=\/wp\/v2\/users\/5"}],"replies":[{"embeddable":true,"href":"https:\/\/www.aikidofranchecomte.fr\/index.php?rest_route=%2Fwp%2Fv2%2Fcomments&post=4919"}],"version-history":[{"count":1,"href":"https:\/\/www.aikidofranchecomte.fr\/index.php?rest_route=\/wp\/v2\/posts\/4919\/revisions"}],"predecessor-version":[{"id":4922,"href":"https:\/\/www.aikidofranchecomte.fr\/index.php?rest_route=\/wp\/v2\/posts\/4919\/revisions\/4922"}],"wp:attachment":[{"href":"https:\/\/www.aikidofranchecomte.fr\/index.php?rest_route=%2Fwp%2Fv2%2Fmedia&parent=4919"}],"wp:term":[{"taxonomy":"category","embeddable":true,"href":"https:\/\/www.aikidofranchecomte.fr\/index.php?rest_route=%2Fwp%2Fv2%2Fcategories&post=4919"},{"taxonomy":"post_tag","embeddable":true,"href":"https:\/\/www.aikidofranchecomte.fr\/index.php?rest_route=%2Fwp%2Fv2%2Ftags&post=4919"}],"curies":[{"name":"wp","href":"https:\/\/api.w.org\/{rel}","templated":true}]}}