{"id":4828,"date":"2018-09-17T20:29:36","date_gmt":"2018-09-17T19:29:36","guid":{"rendered":"http:\/\/www.aikidofranchecomte.fr\/?p=4828"},"modified":"2018-09-17T20:29:36","modified_gmt":"2018-09-17T19:29:36","slug":"lassemblee-generale-du-cid-de-franche-comte","status":"publish","type":"post","link":"https:\/\/www.aikidofranchecomte.fr\/?p=4828","title":{"rendered":"l&rsquo;assembl\u00e9e g\u00e9n\u00e9rale du CID de Franche-Comt\u00e9"},"content":{"rendered":"<p><a href=\"http:\/\/www.aikidofranchecomte.fr\/?attachment_id=4829\" rel=\"attachment wp-att-4829\"><img loading=\"lazy\" decoding=\"async\" src=\"http:\/\/www.aikidofranchecomte.fr\/wp-content\/uploads\/2018\/09\/Fond-de-page-pour-info-723x1024.jpg\" alt=\"\" title=\"Fond de page pour info\" width=\"627\" height=\"888\" class=\"alignleft size-large wp-image-4829\" srcset=\"https:\/\/www.aikidofranchecomte.fr\/wp-content\/uploads\/2018\/09\/Fond-de-page-pour-info-723x1024.jpg 723w, https:\/\/www.aikidofranchecomte.fr\/wp-content\/uploads\/2018\/09\/Fond-de-page-pour-info-212x300.jpg 212w\" sizes=\"auto, (max-width: 627px) 100vw, 627px\" \/><\/a><\/p>\n","protected":false},"excerpt":{"rendered":"","protected":false},"author":5,"featured_media":0,"comment_status":"closed","ping_status":"open","sticky":false,"template":"","format":"standard","meta":{"ngg_post_thumbnail":0,"footnotes":""},"categories":[12],"tags":[],"class_list":["post-4828","post","type-post","status-publish","format-standard","hentry","category-cat_actu"],"_links":{"self":[{"href":"https:\/\/www.aikidofranchecomte.fr\/index.php?rest_route=\/wp\/v2\/posts\/4828","targetHints":{"allow":["GET"]}}],"collection":[{"href":"https:\/\/www.aikidofranchecomte.fr\/index.php?rest_route=\/wp\/v2\/posts"}],"about":[{"href":"https:\/\/www.aikidofranchecomte.fr\/index.php?rest_route=\/wp\/v2\/types\/post"}],"author":[{"embeddable":true,"href":"https:\/\/www.aikidofranchecomte.fr\/index.php?rest_route=\/wp\/v2\/users\/5"}],"replies":[{"embeddable":true,"href":"https:\/\/www.aikidofranchecomte.fr\/index.php?rest_route=%2Fwp%2Fv2%2Fcomments&post=4828"}],"version-history":[{"count":1,"href":"https:\/\/www.aikidofranchecomte.fr\/index.php?rest_route=\/wp\/v2\/posts\/4828\/revisions"}],"predecessor-version":[{"id":4830,"href":"https:\/\/www.aikidofranchecomte.fr\/index.php?rest_route=\/wp\/v2\/posts\/4828\/revisions\/4830"}],"wp:attachment":[{"href":"https:\/\/www.aikidofranchecomte.fr\/index.php?rest_route=%2Fwp%2Fv2%2Fmedia&parent=4828"}],"wp:term":[{"taxonomy":"category","embeddable":true,"href":"https:\/\/www.aikidofranchecomte.fr\/index.php?rest_route=%2Fwp%2Fv2%2Fcategories&post=4828"},{"taxonomy":"post_tag","embeddable":true,"href":"https:\/\/www.aikidofranchecomte.fr\/index.php?rest_route=%2Fwp%2Fv2%2Ftags&post=4828"}],"curies":[{"name":"wp","href":"https:\/\/api.w.org\/{rel}","templated":true}]}}