{"id":4817,"date":"2018-09-17T20:05:16","date_gmt":"2018-09-17T19:05:16","guid":{"rendered":"http:\/\/www.aikidofranchecomte.fr\/?p=4817"},"modified":"2018-09-17T20:05:16","modified_gmt":"2018-09-17T19:05:16","slug":"preparation-shodan-nidan-n1-2","status":"publish","type":"post","link":"https:\/\/www.aikidofranchecomte.fr\/?p=4817","title":{"rendered":"Pr\u00e9paration shodan-nidan n\u00b01"},"content":{"rendered":"<p style=\"text-align: center;\"><span style=\"color: #00ffff;\">Premier stage de la saison de pr\u00e9paration 1er et 2\u00e8me dan \u00e0 DOUBS.<\/span><\/p>\n<div style=\"text-align: center;\"><span style=\"color: #00ffff;\">Il est ouvert aux pratiquants poss\u00e9dant au minimum le grade de 2\u00e8me kyu .<\/span><\/div>\n<div style=\"text-align: center;\"><span style=\"color: #00ffff;\"> Le stage sera encadr\u00e9 par Nathalie DANTIER &#8211; ACT et Christophe DA SILVA<\/span><\/div>\n<div style=\"text-align: center;\"><\/div>\n<div style=\"text-align: center;\"><a href=\"http:\/\/www.aikidofranchecomte.fr\/?attachment_id=4818\" rel=\"attachment wp-att-4818\"><img loading=\"lazy\" decoding=\"async\" class=\"alignleft size-large wp-image-4818\" title=\"1-2 dan Nathalie Christophe Doubs 2018\" src=\"http:\/\/www.aikidofranchecomte.fr\/wp-content\/uploads\/2018\/09\/1-2-dan-Nathalie-Christophe-Doubs-2018-723x1024.jpg\" alt=\"\" width=\"627\" height=\"888\" srcset=\"https:\/\/www.aikidofranchecomte.fr\/wp-content\/uploads\/2018\/09\/1-2-dan-Nathalie-Christophe-Doubs-2018-723x1024.jpg 723w, https:\/\/www.aikidofranchecomte.fr\/wp-content\/uploads\/2018\/09\/1-2-dan-Nathalie-Christophe-Doubs-2018-212x300.jpg 212w\" sizes=\"auto, (max-width: 627px) 100vw, 627px\" \/><\/a><\/div>\n","protected":false},"excerpt":{"rendered":"<p>Premier stage de la saison de pr\u00e9paration 1er et 2\u00e8me dan \u00e0 DOUBS. Il est ouvert aux pratiquants poss\u00e9dant au minimum le grade de 2\u00e8me kyu . Le stage sera encadr\u00e9 par Nathalie DANTIER &#8211; ACT et Christophe DA SILVA<\/p>\n","protected":false},"author":5,"featured_media":0,"comment_status":"closed","ping_status":"open","sticky":false,"template":"","format":"standard","meta":{"ngg_post_thumbnail":0,"footnotes":""},"categories":[12,14,37],"tags":[],"class_list":["post-4817","post","type-post","status-publish","format-standard","hentry","category-cat_actu","category-cat_inf_stages_affiches","category-archives-2018"],"_links":{"self":[{"href":"https:\/\/www.aikidofranchecomte.fr\/index.php?rest_route=\/wp\/v2\/posts\/4817","targetHints":{"allow":["GET"]}}],"collection":[{"href":"https:\/\/www.aikidofranchecomte.fr\/index.php?rest_route=\/wp\/v2\/posts"}],"about":[{"href":"https:\/\/www.aikidofranchecomte.fr\/index.php?rest_route=\/wp\/v2\/types\/post"}],"author":[{"embeddable":true,"href":"https:\/\/www.aikidofranchecomte.fr\/index.php?rest_route=\/wp\/v2\/users\/5"}],"replies":[{"embeddable":true,"href":"https:\/\/www.aikidofranchecomte.fr\/index.php?rest_route=%2Fwp%2Fv2%2Fcomments&post=4817"}],"version-history":[{"count":6,"href":"https:\/\/www.aikidofranchecomte.fr\/index.php?rest_route=\/wp\/v2\/posts\/4817\/revisions"}],"predecessor-version":[{"id":4824,"href":"https:\/\/www.aikidofranchecomte.fr\/index.php?rest_route=\/wp\/v2\/posts\/4817\/revisions\/4824"}],"wp:attachment":[{"href":"https:\/\/www.aikidofranchecomte.fr\/index.php?rest_route=%2Fwp%2Fv2%2Fmedia&parent=4817"}],"wp:term":[{"taxonomy":"category","embeddable":true,"href":"https:\/\/www.aikidofranchecomte.fr\/index.php?rest_route=%2Fwp%2Fv2%2Fcategories&post=4817"},{"taxonomy":"post_tag","embeddable":true,"href":"https:\/\/www.aikidofranchecomte.fr\/index.php?rest_route=%2Fwp%2Fv2%2Ftags&post=4817"}],"curies":[{"name":"wp","href":"https:\/\/api.w.org\/{rel}","templated":true}]}}