{"id":459,"date":"2010-07-11T14:42:12","date_gmt":"2010-07-11T13:42:12","guid":{"rendered":"http:\/\/www.aikidofranchecomte.fr\/?p=459"},"modified":"2012-09-29T16:39:49","modified_gmt":"2012-09-29T15:39:49","slug":"deces-de-tamura-sensei","status":"publish","type":"post","link":"https:\/\/www.aikidofranchecomte.fr\/?p=459","title":{"rendered":"D\u00e9c\u00e8s de TAMURA Sense\u00ef"},"content":{"rendered":"<p><a href=\"http:\/\/www.aikidofranchecomte.fr\/wp-content\/uploads\/2010\/07\/IMG_2180.jpg\"><img decoding=\"async\" src=\"http:\/\/www.aikidofranchecomte.fr\/wp-content\/uploads\/2010\/07\/IMG_2180.jpg\" alt=\"TAMURA Sense\u00ef\" title=\"TAMURA Sense\u00ef\" class=\"aligncenter size-full wp-image-453\" \/><\/a><\/p>\n<p>                                                 A toutes et tous,<\/p>\n<p>C&rsquo;est avec une infinie tristesse  que nous avons appris le d\u00e9part de TAMURA Sense\u00ef le vendredi 9 juillet&#8230; Cette ann\u00e9e avait \u00e9t\u00e9 riche de sa pr\u00e9sence , avec deux stages \u00e0 Mulhouse et Dijon. Certains s&rsquo;\u00e9taient faits la remarque de quelques signes de fatigue, pour un hiver qui n&rsquo;en finissait pas.. Mais pour ceux qui y \u00e9taient&#8230;les s\u00e9ances de chutes faites par TAMURA \u00e9taient toujours une le\u00e7on d&rsquo;humilit\u00e9 et de courage&#8230; <\/p>\n<p>Pour ceux qui ont eu la chance de pouvoir  approcher Sense\u00ef&#8230; ce qui domine c&rsquo;est l&rsquo;immense respect que nous avions pour lui.. Un \u00ab\u00a0espace-temps\u00a0\u00bb un \u00ab\u00a0maai\u00a0\u00bb juste, toujours insaisissable pour nous, comme si cet homme avait atteint une \u00ab\u00a04\u00e8 dimension\u00a0\u00bb \u2026 Cet homme nous semblait \u00ab\u00a0grand\u00a0\u00bb \u00ab\u00a0inaccessible\u00a0\u00bb d\u00e9finissant dans son A\u00efkido, la dimension \u00ab\u00a0d&rsquo;\u00a0Art\u00a0\u00bb martial.<\/p>\n<p>Et pour autant quelle simplicit\u00e9 et quelle \u00e9coute de ma\u00eetre TAMURA, lorsque nous \u00e9tions \u00e0 sa table&#8230; De m\u00eame comment ne pas \u00eatre sous le charme de madame TAMURA, faite de modestie et de gentillesse. Nous avions conscience de la magie de ces moments, en sachant qu&rsquo;il y aurait un jour une fin \u00e0 cette rencontre&#8230; TAMURA Sense\u00ef nous a quitt\u00e9s \u00e0 77 ans, en n&rsquo;acceptant la maladie qui venait frapper \u00e0 sa porte , qu&rsquo;aux derni\u00e8res limites de l&rsquo;acceptable &#8230; Il l&rsquo;a faite taire jusqu&rsquo;\u00e0 ce stage de Dijon de mi mars&#8230; sans doute pour \u00eatre parmi nous, jusqu&rsquo;au bout d&rsquo;une vie d\u00e9di\u00e9e \u00e0 l&rsquo;A\u00efkido&#8230;.<\/p>\n<p>Certains se demandent qui sera l\u00a0&lsquo;\u00e9lu pour poursuivre sa route&#8230; Nous sommes TOUS, dans l&rsquo;h\u00e9ritage de son A\u00efkido, amen\u00e9s \u00e0 poursuivre cette route. Guid\u00e9s par chaque CEN , nomm\u00e9 par lui , d\u00e9tenant  une partie de cette magie. Comme si chacun avait pris une \u00ab\u00a0facette\u00a0\u00bb de ce diamant&#8230; et de leurs diff\u00e9rences , faire notre richesse&#8230; M\u00eame si les coeurs sont lourds, il nous faudra organiser les \u00ab\u00a0Journ\u00e9es Portes Ouvertes Nationales FFAB\u00a0\u00bb les 18 et 19 septembre 2010&#8230; et faire de ce week-end une r\u00e9ussite, en m\u00e9moire de notre Sense\u00ef , ma\u00eetre TAMURA !!!<\/p>\n<p>Toutes nos pens\u00e9es pour madame TAMURA et sa famille..<\/p>\n<p>Pour les c\u00e9r\u00e9monies des adieux  du 13 juillet, des informations sont disponibles sur le site de la f\u00e9d\u00e9ration. Mais dans la tradition japonaise, une c\u00e9r\u00e9monie sera organis\u00e9e le samedi 4 septembre, au Shumeikan \u00e0 Bras.<\/p>\n<p>La Pr\u00e9sidente de Franche Comt\u00e9<br \/>\nSandrine BEAUSEIGNEUR<\/p>\n","protected":false},"excerpt":{"rendered":"<p>A toutes et tous, C&rsquo;est avec une infinie tristesse que nous avons appris le d\u00e9part de TAMURA Sense\u00ef le vendredi 9 juillet&#8230; Cette ann\u00e9e avait \u00e9t\u00e9 riche de sa pr\u00e9sence , avec deux stages \u00e0 Mulhouse et Dijon. Certains s&rsquo;\u00e9taient faits la remarque de quelques signes de fatigue, pour un hiver qui n&rsquo;en finissait pas.. [&hellip;]<\/p>\n","protected":false},"author":5,"featured_media":0,"comment_status":"closed","ping_status":"open","sticky":false,"template":"","format":"standard","meta":{"ngg_post_thumbnail":0,"footnotes":""},"categories":[20],"tags":[],"class_list":["post-459","post","type-post","status-publish","format-standard","hentry","category-cat_inf_stages_archive"],"_links":{"self":[{"href":"https:\/\/www.aikidofranchecomte.fr\/index.php?rest_route=\/wp\/v2\/posts\/459","targetHints":{"allow":["GET"]}}],"collection":[{"href":"https:\/\/www.aikidofranchecomte.fr\/index.php?rest_route=\/wp\/v2\/posts"}],"about":[{"href":"https:\/\/www.aikidofranchecomte.fr\/index.php?rest_route=\/wp\/v2\/types\/post"}],"author":[{"embeddable":true,"href":"https:\/\/www.aikidofranchecomte.fr\/index.php?rest_route=\/wp\/v2\/users\/5"}],"replies":[{"embeddable":true,"href":"https:\/\/www.aikidofranchecomte.fr\/index.php?rest_route=%2Fwp%2Fv2%2Fcomments&post=459"}],"version-history":[{"count":3,"href":"https:\/\/www.aikidofranchecomte.fr\/index.php?rest_route=\/wp\/v2\/posts\/459\/revisions"}],"predecessor-version":[{"id":1231,"href":"https:\/\/www.aikidofranchecomte.fr\/index.php?rest_route=\/wp\/v2\/posts\/459\/revisions\/1231"}],"wp:attachment":[{"href":"https:\/\/www.aikidofranchecomte.fr\/index.php?rest_route=%2Fwp%2Fv2%2Fmedia&parent=459"}],"wp:term":[{"taxonomy":"category","embeddable":true,"href":"https:\/\/www.aikidofranchecomte.fr\/index.php?rest_route=%2Fwp%2Fv2%2Fcategories&post=459"},{"taxonomy":"post_tag","embeddable":true,"href":"https:\/\/www.aikidofranchecomte.fr\/index.php?rest_route=%2Fwp%2Fv2%2Ftags&post=459"}],"curies":[{"name":"wp","href":"https:\/\/api.w.org\/{rel}","templated":true}]}}