{"id":442,"date":"2010-05-01T10:36:47","date_gmt":"2010-05-01T09:36:47","guid":{"rendered":"http:\/\/www.aikidofranchecomte.fr\/?p=442"},"modified":"2011-08-27T22:54:58","modified_gmt":"2011-08-27T21:54:58","slug":"universite-dete-daikido-annecy-2010","status":"publish","type":"post","link":"https:\/\/www.aikidofranchecomte.fr\/?p=442","title":{"rendered":"Universit\u00e9 d&rsquo;\u00e9t\u00e9 d&rsquo;A\u00efkido Annecy 2010"},"content":{"rendered":"<p>S\u00e9minaire du 1er au 4\/07\/10  ouvert aux enseignants, assistants et pratiquants int\u00e9ress\u00e9s par l&rsquo;enseignement : <a href='http:\/\/www.aikidofranchecomte.fr\/wp-content\/uploads\/2010\/05\/univ_ete_2010.pdf'>univ_ete_2010<\/a><\/p>\n","protected":false},"excerpt":{"rendered":"<p>S\u00e9minaire du 1er au 4\/07\/10 ouvert aux enseignants, assistants et pratiquants int\u00e9ress\u00e9s par l&rsquo;enseignement : univ_ete_2010<\/p>\n","protected":false},"author":3,"featured_media":0,"comment_status":"closed","ping_status":"open","sticky":false,"template":"","format":"standard","meta":{"ngg_post_thumbnail":0,"footnotes":""},"categories":[20],"tags":[],"class_list":["post-442","post","type-post","status-publish","format-standard","hentry","category-cat_inf_stages_archive"],"_links":{"self":[{"href":"https:\/\/www.aikidofranchecomte.fr\/index.php?rest_route=\/wp\/v2\/posts\/442","targetHints":{"allow":["GET"]}}],"collection":[{"href":"https:\/\/www.aikidofranchecomte.fr\/index.php?rest_route=\/wp\/v2\/posts"}],"about":[{"href":"https:\/\/www.aikidofranchecomte.fr\/index.php?rest_route=\/wp\/v2\/types\/post"}],"author":[{"embeddable":true,"href":"https:\/\/www.aikidofranchecomte.fr\/index.php?rest_route=\/wp\/v2\/users\/3"}],"replies":[{"embeddable":true,"href":"https:\/\/www.aikidofranchecomte.fr\/index.php?rest_route=%2Fwp%2Fv2%2Fcomments&post=442"}],"version-history":[{"count":3,"href":"https:\/\/www.aikidofranchecomte.fr\/index.php?rest_route=\/wp\/v2\/posts\/442\/revisions"}],"predecessor-version":[{"id":862,"href":"https:\/\/www.aikidofranchecomte.fr\/index.php?rest_route=\/wp\/v2\/posts\/442\/revisions\/862"}],"wp:attachment":[{"href":"https:\/\/www.aikidofranchecomte.fr\/index.php?rest_route=%2Fwp%2Fv2%2Fmedia&parent=442"}],"wp:term":[{"taxonomy":"category","embeddable":true,"href":"https:\/\/www.aikidofranchecomte.fr\/index.php?rest_route=%2Fwp%2Fv2%2Fcategories&post=442"},{"taxonomy":"post_tag","embeddable":true,"href":"https:\/\/www.aikidofranchecomte.fr\/index.php?rest_route=%2Fwp%2Fv2%2Ftags&post=442"}],"curies":[{"name":"wp","href":"https:\/\/api.w.org\/{rel}","templated":true}]}}