{"id":4068,"date":"2016-12-18T13:41:31","date_gmt":"2016-12-18T12:41:31","guid":{"rendered":"http:\/\/www.aikidofranchecomte.fr\/?p=4068"},"modified":"2016-12-18T13:44:47","modified_gmt":"2016-12-18T12:44:47","slug":"compte-rendu-du-stage-shodan-nidan-n2","status":"publish","type":"post","link":"https:\/\/www.aikidofranchecomte.fr\/?p=4068","title":{"rendered":"COMPTE-RENDU DU STAGE SHODAN NIDAN N\u00b02"},"content":{"rendered":"<p><a href=\"http:\/\/www.aikidofranchecomte.fr\/?attachment_id=4069\" rel=\"attachment wp-att-4069\"><img loading=\"lazy\" decoding=\"async\" class=\"alignleft size-large wp-image-4069\" title=\"OLYMPUS DIGITAL CAMERA\" src=\"http:\/\/www.aikidofranchecomte.fr\/wp-content\/uploads\/2016\/12\/PC121273-1024x411.jpg\" alt=\"\" width=\"627\" height=\"251\" srcset=\"https:\/\/www.aikidofranchecomte.fr\/wp-content\/uploads\/2016\/12\/PC121273-1024x411.jpg 1024w, https:\/\/www.aikidofranchecomte.fr\/wp-content\/uploads\/2016\/12\/PC121273-300x120.jpg 300w\" sizes=\"auto, (max-width: 627px) 100vw, 627px\" \/><\/a><\/p>\n<p>Pour le deuxi\u00e8me stage de pr\u00e9paration\u00a0 1<sup>er<\/sup> et 2<sup>\u00e8me<\/sup> DAN au dojo de St Vit, 21 pratiquants \u00e9taient pr\u00e9sents dont 7 a\u00efkidokas candidats pour le 1<sup>er<\/sup> Dan et 5 a\u00efkidokas candidats pour le 2<sup>\u00e8me<\/sup> Dan.<\/p>\n<p>Les clubs de de\u00a0 Amancey, Audincourt, Avanne, Besan\u00e7on, Chatenois, Doubs, Ecole Valentin, Novillars,\u00a0 Pontarlier, Valentigney\u00a0 \u00e9taient repr\u00e9sent\u00e9s.<\/p>\n<p>Apr\u00e8s une pr\u00e9paration par Ma\u00ef, les pratiquants ont \u00e9t\u00e9 mis en situation d\u2019examen de grades. Cet exercice s\u2019est r\u00e9v\u00e9l\u00e9 tr\u00e8s efficace\u00a0: il a permis aux intervenantes d\u2019apporter des corrections aux erreurs ou oublis observ\u00e9s. Cela a \u00e9t\u00e9 aussi pour les candidats un moyen de s\u2019auto-\u00e9valuer. Ils pourront \u00a0\u00a0revoir et reprendre\u00a0 avec leurs enseignants de clubs les h\u00e9sitations ou manques constat\u00e9s pour certaines techniques encore non assimil\u00e9es.<\/p>\n<p>Nathalie a ensuite encha\u00een\u00e9 et insist\u00e9 sur les entr\u00e9es et d\u00e9placements. Elle a altern\u00e9 un travail en hanmihandachiwaza et tachiwaza\u00a0 saisie katate dori sur ikkyo, shihonage omote ura, sotokaiten nage, irimi nage suivi d\u2019un travail en hanmihandachiwaza ushirowaza ryokata dori sankyo.<\/p>\n<p>Pour la deuxi\u00e8me partie du stage, Ma\u00ef a travaill\u00e9 jo dori en relation avec chudan tsuki sur ikkyo, shihonage, irimi kokyu nage, ushiro kiri otoshi et tenchinage.<\/p>\n<p>Plusieurs fondations ont \u00e9t\u00e9 mises en avant comme shisei, kamae, kokyu nage, tenkan, tai sabaki ainsi que le travail d\u2019a\u00efte au travers de son attaque et de sa pr\u00e9sence sur le tatami. Tout cela contribuera \u00e0 la recherche d\u2019un travail fluide.<\/p>\n<p>Sandrine BEAUSEIGNEUR, Christophe DA SILVA et Jean-Paul MOINE ont second\u00e9 les intervenantes par leurs corrections.<\/p>\n<p>Le pr\u00e9sident de ligue, Jean-Paul MOINE a remerci\u00e9 les intervenantes pour leur travail ainsi que tous les pratiquants. Il se r\u00e9jouit du nombre de candidats potentiels de la ligue pour les examens de juin 2017 qui auront lieu en Franche-Comt\u00e9 pour cette saison.<\/p>\n<p>Il rappelle que la pr\u00e9paration 1<sup>er<\/sup> et 2<sup>\u00e8me<\/sup> dan constitue un cycle, il est tr\u00e8s souhaitable que nos candidats suivent l\u2019ensemble de la formation m\u00eame si l\u2019essentiel de la pr\u00e9paration se fait en clubs.<\/p>\n<p>La date de la prochaine pr\u00e9paration est rappel\u00e9e : <strong>le dimanche 19 f\u00e9vrier 2017<\/strong> \u00e0 Audincourt, elle sera encadr\u00e9e par Sandrine Beauseigneur, Bruno Manzinali et richard Perez.<\/p>\n<p>Trois membres de la commission technique \u00e9taient pr\u00e9sents ainsi que d\u2019autres grad\u00e9s, ce qui a fait un plus dans la richesse des \u00e9changes de ce stage.<\/p>\n<p align=\"center\">Nathalie Dantier, A.C.T.R<\/p>\n<p align=\"center\"><a href=\"http:\/\/www.aikidofranchecomte.fr\/?attachment_id=4070\" rel=\"attachment wp-att-4070\"><img loading=\"lazy\" decoding=\"async\" class=\"alignleft size-full wp-image-4070\" title=\"Sans titre-1\" src=\"http:\/\/www.aikidofranchecomte.fr\/wp-content\/uploads\/2016\/12\/Sans-titre-1.jpg\" alt=\"\" width=\"840\" height=\"630\" srcset=\"https:\/\/www.aikidofranchecomte.fr\/wp-content\/uploads\/2016\/12\/Sans-titre-1.jpg 840w, https:\/\/www.aikidofranchecomte.fr\/wp-content\/uploads\/2016\/12\/Sans-titre-1-300x225.jpg 300w\" sizes=\"auto, (max-width: 840px) 100vw, 840px\" \/><\/a><\/p>\n","protected":false},"excerpt":{"rendered":"<p>Pour le deuxi\u00e8me stage de pr\u00e9paration\u00a0 1er et 2\u00e8me DAN au dojo de St Vit, 21 pratiquants \u00e9taient pr\u00e9sents dont 7 a\u00efkidokas candidats pour le 1er Dan et 5 a\u00efkidokas candidats pour le 2\u00e8me Dan. Les clubs de de\u00a0 Amancey, Audincourt, Avanne, Besan\u00e7on, Chatenois, Doubs, Ecole Valentin, Novillars,\u00a0 Pontarlier, Valentigney\u00a0 \u00e9taient repr\u00e9sent\u00e9s. Apr\u00e8s une pr\u00e9paration [&hellip;]<\/p>\n","protected":false},"author":5,"featured_media":0,"comment_status":"closed","ping_status":"open","sticky":false,"template":"","format":"standard","meta":{"ngg_post_thumbnail":0,"footnotes":""},"categories":[12,35],"tags":[],"class_list":["post-4068","post","type-post","status-publish","format-standard","hentry","category-cat_actu","category-archives-2016"],"_links":{"self":[{"href":"https:\/\/www.aikidofranchecomte.fr\/index.php?rest_route=\/wp\/v2\/posts\/4068","targetHints":{"allow":["GET"]}}],"collection":[{"href":"https:\/\/www.aikidofranchecomte.fr\/index.php?rest_route=\/wp\/v2\/posts"}],"about":[{"href":"https:\/\/www.aikidofranchecomte.fr\/index.php?rest_route=\/wp\/v2\/types\/post"}],"author":[{"embeddable":true,"href":"https:\/\/www.aikidofranchecomte.fr\/index.php?rest_route=\/wp\/v2\/users\/5"}],"replies":[{"embeddable":true,"href":"https:\/\/www.aikidofranchecomte.fr\/index.php?rest_route=%2Fwp%2Fv2%2Fcomments&post=4068"}],"version-history":[{"count":4,"href":"https:\/\/www.aikidofranchecomte.fr\/index.php?rest_route=\/wp\/v2\/posts\/4068\/revisions"}],"predecessor-version":[{"id":4073,"href":"https:\/\/www.aikidofranchecomte.fr\/index.php?rest_route=\/wp\/v2\/posts\/4068\/revisions\/4073"}],"wp:attachment":[{"href":"https:\/\/www.aikidofranchecomte.fr\/index.php?rest_route=%2Fwp%2Fv2%2Fmedia&parent=4068"}],"wp:term":[{"taxonomy":"category","embeddable":true,"href":"https:\/\/www.aikidofranchecomte.fr\/index.php?rest_route=%2Fwp%2Fv2%2Fcategories&post=4068"},{"taxonomy":"post_tag","embeddable":true,"href":"https:\/\/www.aikidofranchecomte.fr\/index.php?rest_route=%2Fwp%2Fv2%2Ftags&post=4068"}],"curies":[{"name":"wp","href":"https:\/\/api.w.org\/{rel}","templated":true}]}}