{"id":4019,"date":"2016-11-26T09:02:53","date_gmt":"2016-11-26T08:02:53","guid":{"rendered":"http:\/\/www.aikidofranchecomte.fr\/?p=4019"},"modified":"2016-11-26T09:04:30","modified_gmt":"2016-11-26T08:04:30","slug":"3-et-4-decembre-stage-prive-avec-brahim-si-guesmi-a-ecole-valentin","status":"publish","type":"post","link":"https:\/\/www.aikidofranchecomte.fr\/?p=4019","title":{"rendered":"3 et 4 D\u00e9cembre stage priv\u00e9 avec Brahim SI GUESMI \u00e0 Ecole-Valentin"},"content":{"rendered":"<p>Le cours pour enfants de 14h \u00e0 15h est gratuit pour les enfants et professeur qui les accompagne.<br \/>\nOuvert \u00e0 tous, une licence (quelque soit la f\u00e9d\u00e9ration) et un certificat m\u00e9dical sont demand\u00e9s \u00e0 l&rsquo;entr\u00e9e.<\/p>\n<p><img loading=\"lazy\" decoding=\"async\" src=\"http:\/\/www.aikidofranchecomte.fr\/wp-content\/uploads\/2016\/11\/affiche_Brahim_d\u00e9cembre_-2016.jpg\" alt=\"\" title=\"affiche_Brahim_d\u00e9cembre_ 2016\" width=\"595\" height=\"842\" class=\"aligncenter size-full wp-image-4020\" srcset=\"https:\/\/www.aikidofranchecomte.fr\/wp-content\/uploads\/2016\/11\/affiche_Brahim_d\u00e9cembre_-2016.jpg 595w, https:\/\/www.aikidofranchecomte.fr\/wp-content\/uploads\/2016\/11\/affiche_Brahim_d\u00e9cembre_-2016-211x300.jpg 211w\" sizes=\"auto, (max-width: 595px) 100vw, 595px\" \/><\/p>\n","protected":false},"excerpt":{"rendered":"<p>Le cours pour enfants de 14h \u00e0 15h est gratuit pour les enfants et professeur qui les accompagne. Ouvert \u00e0 tous, une licence (quelque soit la f\u00e9d\u00e9ration) et un certificat m\u00e9dical sont demand\u00e9s \u00e0 l&rsquo;entr\u00e9e.<\/p>\n","protected":false},"author":3,"featured_media":0,"comment_status":"closed","ping_status":"open","sticky":false,"template":"","format":"standard","meta":{"ngg_post_thumbnail":0,"footnotes":""},"categories":[27],"tags":[],"class_list":["post-4019","post","type-post","status-publish","format-standard","hentry","category-cat_inf_stages_prives"],"_links":{"self":[{"href":"https:\/\/www.aikidofranchecomte.fr\/index.php?rest_route=\/wp\/v2\/posts\/4019","targetHints":{"allow":["GET"]}}],"collection":[{"href":"https:\/\/www.aikidofranchecomte.fr\/index.php?rest_route=\/wp\/v2\/posts"}],"about":[{"href":"https:\/\/www.aikidofranchecomte.fr\/index.php?rest_route=\/wp\/v2\/types\/post"}],"author":[{"embeddable":true,"href":"https:\/\/www.aikidofranchecomte.fr\/index.php?rest_route=\/wp\/v2\/users\/3"}],"replies":[{"embeddable":true,"href":"https:\/\/www.aikidofranchecomte.fr\/index.php?rest_route=%2Fwp%2Fv2%2Fcomments&post=4019"}],"version-history":[{"count":9,"href":"https:\/\/www.aikidofranchecomte.fr\/index.php?rest_route=\/wp\/v2\/posts\/4019\/revisions"}],"predecessor-version":[{"id":4028,"href":"https:\/\/www.aikidofranchecomte.fr\/index.php?rest_route=\/wp\/v2\/posts\/4019\/revisions\/4028"}],"wp:attachment":[{"href":"https:\/\/www.aikidofranchecomte.fr\/index.php?rest_route=%2Fwp%2Fv2%2Fmedia&parent=4019"}],"wp:term":[{"taxonomy":"category","embeddable":true,"href":"https:\/\/www.aikidofranchecomte.fr\/index.php?rest_route=%2Fwp%2Fv2%2Fcategories&post=4019"},{"taxonomy":"post_tag","embeddable":true,"href":"https:\/\/www.aikidofranchecomte.fr\/index.php?rest_route=%2Fwp%2Fv2%2Ftags&post=4019"}],"curies":[{"name":"wp","href":"https:\/\/api.w.org\/{rel}","templated":true}]}}