{"id":4010,"date":"2016-11-10T12:27:46","date_gmt":"2016-11-10T11:27:46","guid":{"rendered":"http:\/\/www.aikidofranchecomte.fr\/?p=4010"},"modified":"2016-11-10T12:27:46","modified_gmt":"2016-11-10T11:27:46","slug":"compte-rendu-stage-federal-du-05-et-06-novembre","status":"publish","type":"post","link":"https:\/\/www.aikidofranchecomte.fr\/?p=4010","title":{"rendered":"Compte-rendu stage f\u00e9d\u00e9ral du 05 et 06 novembre"},"content":{"rendered":"<p><a href=\"http:\/\/www.aikidofranchecomte.fr\/?attachment_id=4011\" rel=\"attachment wp-att-4011\"><img loading=\"lazy\" decoding=\"async\" class=\"alignleft size-large wp-image-4011\" title=\"Image6\" src=\"http:\/\/www.aikidofranchecomte.fr\/wp-content\/uploads\/2016\/11\/Image6-1024x536.gif\" alt=\"\" width=\"627\" height=\"328\" srcset=\"https:\/\/www.aikidofranchecomte.fr\/wp-content\/uploads\/2016\/11\/Image6-1024x536.gif 1024w, https:\/\/www.aikidofranchecomte.fr\/wp-content\/uploads\/2016\/11\/Image6-300x157.gif 300w, https:\/\/www.aikidofranchecomte.fr\/wp-content\/uploads\/2016\/11\/Image6.gif 1442w\" sizes=\"auto, (max-width: 627px) 100vw, 627px\" \/><\/a><\/p>\n<p>A son arriv\u00e9e \u00e0 la gare TGV de Besan\u00e7on, Fabrice a \u00e9t\u00e9 accueilli par notre pr\u00e9sident de ligue Jean-Paul Moine qui l\u2019a conduit \u00e0 Pontarlier o\u00f9 soixante \u00a0pratiquants l&rsquo;attendaient. La plupart de nos clubs \u00e9taient repr\u00e9sent\u00e9s : Audincourt,\u00a0 Avanne, Besan\u00e7on, Bletterans, Danjoutin, Doubs, Ecole Valentin, Giromagny, Morez, Novillars, Pontarlier, le Russey, St Laurent en Grandvaux, et Valentigney.\u00a0 La quasi totalit\u00e9 des pratiquants avait fait le choix de la ristourne.<a href=\"http:\/\/www.aikidofranchecomte.fr\/?attachment_id=4012\" rel=\"attachment wp-att-4012\"><img loading=\"lazy\" decoding=\"async\" class=\"alignright size-medium wp-image-4012\" title=\"Image7\" src=\"http:\/\/www.aikidofranchecomte.fr\/wp-content\/uploads\/2016\/11\/Image7-272x300.gif\" alt=\"\" width=\"272\" height=\"300\" srcset=\"https:\/\/www.aikidofranchecomte.fr\/wp-content\/uploads\/2016\/11\/Image7-272x300.gif 272w, https:\/\/www.aikidofranchecomte.fr\/wp-content\/uploads\/2016\/11\/Image7-930x1024.gif 930w, https:\/\/www.aikidofranchecomte.fr\/wp-content\/uploads\/2016\/11\/Image7.gif 1390w\" sizes=\"auto, (max-width: 272px) 100vw, 272px\" \/><\/a><\/p>\n<p>Fabrice a travaill\u00e9 sur la notion de verticalit\u00e9 et sur la relation Aite-Tori dans le cadre du th\u00e8me f\u00e9d\u00e9ral: \u00ab\u00a0une pratique dynamique et efficace \u00e0 travers les fondamentaux\u00a0\u00bb.<\/p>\n<p>Il a repris les bases puis a insist\u00e9 sur le travail de la coupe, sur le travail d\u2019aite notamment de son placement ainsi que sur le shisei, savoir accepter sans opposition pour permettre \u00e0 Tori de travailler.<\/p>\n<p>Il a expliqu\u00e9 qu\u2019un travail\u00a0 dynamique et efficace est avant tout une pr\u00e9sence sur le tatami, une attaque sinc\u00e8re d\u2019Aite et un engagement.<\/p>\n<p>Pour Tori, des exercices \u00e9ducatifs ont \u00e9t\u00e9 mis en place sur la coupe, \u00e0 mains nues et avec le ken.<\/p>\n<p>Puis a suivi un travail en petits groupes pour apporter plus de dynamique et de disponibilit\u00e9 dans la pratique en variant les techniques.<\/p>\n<p>Fabrice a ensuite remis les dipl\u00f4mes de 4<sup>\u00e8me<\/sup> Dan \u00e0 Jean-Marc Chatin et Nathalie Dantier.<\/p>\n<p>La ligue a cl\u00f4tur\u00e9 cet apr\u00e8s-midi en offrant une collation \u00e0 tous les participants avant qu&rsquo;ils ne reprennent la route du retour.<\/p>\n<p>Samedi soir, le club de Pontarlier a programm\u00e9 une d\u00e9gustation de plats r\u00e9gionaux au Gounefay qui se trouve dans les hauteurs du Larmont. Dans la soir\u00e9e, il s\u2019est mis \u00e0 neiger \u00e0 la grande surprise de Fabrice\u00a0!!<\/p>\n<p>Tout a contribu\u00e9 au d\u00e9paysement total de notre technicien\u2026<a href=\"http:\/\/www.aikidofranchecomte.fr\/?attachment_id=4013\" rel=\"attachment wp-att-4013\"><img loading=\"lazy\" decoding=\"async\" class=\"alignright size-medium wp-image-4013\" title=\"Image8\" src=\"http:\/\/www.aikidofranchecomte.fr\/wp-content\/uploads\/2016\/11\/Image8-207x300.gif\" alt=\"\" width=\"207\" height=\"300\" srcset=\"https:\/\/www.aikidofranchecomte.fr\/wp-content\/uploads\/2016\/11\/Image8-207x300.gif 207w, https:\/\/www.aikidofranchecomte.fr\/wp-content\/uploads\/2016\/11\/Image8-708x1024.gif 708w, https:\/\/www.aikidofranchecomte.fr\/wp-content\/uploads\/2016\/11\/Image8.gif 1250w\" sizes=\"auto, (max-width: 207px) 100vw, 207px\" \/><\/a><\/p>\n<p>&nbsp;<\/p>\n<p>Dimanche matin, vingt-cinq pratiquants \u00e9taient pr\u00e9sents. Fabrice a commenc\u00e9 par la pr\u00e9paration des huit pi\u00e8ces de Brocart.\u00a0 Puis il a repris le travail sur la verticalit\u00e9 et a fini par un travail en kumitachi o\u00f9 chacun a pu ressentir l\u2019\u00e9troitesse du lien entre Aite et Tori.<\/p>\n<p>&nbsp;<\/p>\n<p>Un grand merci \u00e0 Fabrice Cast pour son travail, sa patience et sa g\u00e9n\u00e9rosit\u00e9 tout au long du week-end, ceci toujours dans la bonne humeur.<\/p>\n<p>&nbsp;<\/p>\n<p>Le pr\u00e9sident de la ligue a remerci\u00e9 chaleureusement l&rsquo;\u00e9quipe du club de Pontarlier pour la qualit\u00e9 de l&rsquo;organisation\u00a0 et le bon d\u00e9roulement de ce stage.<\/p>\n<p>Nathalie DANTIER, A.C.T.R.<a href=\"http:\/\/www.aikidofranchecomte.fr\/?attachment_id=4015\" rel=\"attachment wp-att-4015\"><img loading=\"lazy\" decoding=\"async\" class=\"alignleft size-large wp-image-4015\" title=\"Image5\" src=\"http:\/\/www.aikidofranchecomte.fr\/wp-content\/uploads\/2016\/11\/Image5-595x1024.gif\" alt=\"\" width=\"595\" height=\"1024\" srcset=\"https:\/\/www.aikidofranchecomte.fr\/wp-content\/uploads\/2016\/11\/Image5-595x1024.gif 595w, https:\/\/www.aikidofranchecomte.fr\/wp-content\/uploads\/2016\/11\/Image5-174x300.gif 174w\" sizes=\"auto, (max-width: 595px) 100vw, 595px\" \/><\/a><\/p>\n<p><a href=\"http:\/\/www.aikidofranchecomte.fr\/?attachment_id=4014\" rel=\"attachment wp-att-4014\"><img loading=\"lazy\" decoding=\"async\" class=\"alignleft size-large wp-image-4014\" title=\"groupe\" src=\"http:\/\/www.aikidofranchecomte.fr\/wp-content\/uploads\/2016\/11\/groupe-1024x271.gif\" alt=\"\" width=\"627\" height=\"165\" srcset=\"https:\/\/www.aikidofranchecomte.fr\/wp-content\/uploads\/2016\/11\/groupe-1024x271.gif 1024w, https:\/\/www.aikidofranchecomte.fr\/wp-content\/uploads\/2016\/11\/groupe-300x79.gif 300w\" sizes=\"auto, (max-width: 627px) 100vw, 627px\" \/><\/a><\/p>\n","protected":false},"excerpt":{"rendered":"<p>A son arriv\u00e9e \u00e0 la gare TGV de Besan\u00e7on, Fabrice a \u00e9t\u00e9 accueilli par notre pr\u00e9sident de ligue Jean-Paul Moine qui l\u2019a conduit \u00e0 Pontarlier o\u00f9 soixante \u00a0pratiquants l&rsquo;attendaient. La plupart de nos clubs \u00e9taient repr\u00e9sent\u00e9s : Audincourt,\u00a0 Avanne, Besan\u00e7on, Bletterans, Danjoutin, Doubs, Ecole Valentin, Giromagny, Morez, Novillars, Pontarlier, le Russey, St Laurent en Grandvaux, [&hellip;]<\/p>\n","protected":false},"author":5,"featured_media":0,"comment_status":"closed","ping_status":"open","sticky":false,"template":"","format":"standard","meta":{"ngg_post_thumbnail":0,"footnotes":""},"categories":[12,35],"tags":[],"class_list":["post-4010","post","type-post","status-publish","format-standard","hentry","category-cat_actu","category-archives-2016"],"_links":{"self":[{"href":"https:\/\/www.aikidofranchecomte.fr\/index.php?rest_route=\/wp\/v2\/posts\/4010","targetHints":{"allow":["GET"]}}],"collection":[{"href":"https:\/\/www.aikidofranchecomte.fr\/index.php?rest_route=\/wp\/v2\/posts"}],"about":[{"href":"https:\/\/www.aikidofranchecomte.fr\/index.php?rest_route=\/wp\/v2\/types\/post"}],"author":[{"embeddable":true,"href":"https:\/\/www.aikidofranchecomte.fr\/index.php?rest_route=\/wp\/v2\/users\/5"}],"replies":[{"embeddable":true,"href":"https:\/\/www.aikidofranchecomte.fr\/index.php?rest_route=%2Fwp%2Fv2%2Fcomments&post=4010"}],"version-history":[{"count":2,"href":"https:\/\/www.aikidofranchecomte.fr\/index.php?rest_route=\/wp\/v2\/posts\/4010\/revisions"}],"predecessor-version":[{"id":4017,"href":"https:\/\/www.aikidofranchecomte.fr\/index.php?rest_route=\/wp\/v2\/posts\/4010\/revisions\/4017"}],"wp:attachment":[{"href":"https:\/\/www.aikidofranchecomte.fr\/index.php?rest_route=%2Fwp%2Fv2%2Fmedia&parent=4010"}],"wp:term":[{"taxonomy":"category","embeddable":true,"href":"https:\/\/www.aikidofranchecomte.fr\/index.php?rest_route=%2Fwp%2Fv2%2Fcategories&post=4010"},{"taxonomy":"post_tag","embeddable":true,"href":"https:\/\/www.aikidofranchecomte.fr\/index.php?rest_route=%2Fwp%2Fv2%2Ftags&post=4010"}],"curies":[{"name":"wp","href":"https:\/\/api.w.org\/{rel}","templated":true}]}}