{"id":3864,"date":"2016-10-02T14:35:19","date_gmt":"2016-10-02T13:35:19","guid":{"rendered":"http:\/\/www.aikidofranchecomte.fr\/?p=3864"},"modified":"2016-10-02T18:44:56","modified_gmt":"2016-10-02T17:44:56","slug":"3864","status":"publish","type":"post","link":"https:\/\/www.aikidofranchecomte.fr\/?p=3864","title":{"rendered":"le 5\u00e8me dan de Mai"},"content":{"rendered":"<p>Truc-Mai AUBRY vient d&rsquo;\u00eatre promue 5\u00e8me dan.<a href=\"http:\/\/www.aikidofranchecomte.fr\/?attachment_id=3865\" rel=\"attachment wp-att-3865\"><img loading=\"lazy\" decoding=\"async\" class=\"alignright size-medium wp-image-3865\" title=\"mai4\" src=\"http:\/\/www.aikidofranchecomte.fr\/wp-content\/uploads\/2016\/10\/mai4-300x245.gif\" alt=\"\" width=\"300\" height=\"245\" srcset=\"https:\/\/www.aikidofranchecomte.fr\/wp-content\/uploads\/2016\/10\/mai4-300x245.gif 300w, https:\/\/www.aikidofranchecomte.fr\/wp-content\/uploads\/2016\/10\/mai4-1024x836.gif 1024w\" sizes=\"auto, (max-width: 300px) 100vw, 300px\" \/><\/a><\/p>\n<p>Tout le monde conna\u00eet et appr\u00e9cie Mai.<br \/>\nPour moi, elle symbolise le KEIKO au sens fort et beau du terme. Tamura Sensei donnait deux significations \u00e0 ce terme\u00a0 qui caract\u00e9risent pleinement\u00a0 le travail de Mai :\u00a0 p\u00e9trir le corps inlassablement par une pratique exigeante et r\u00e9guli\u00e8re mais aussi\u00a0 polir sa technique par un travail dans la dur\u00e9e.<br \/>\nLes trente ans de pratique de Mai, les diff\u00e9rents enseignements qu&rsquo;elle a suivis lui ont apport\u00e9 modestie, engagement, tol\u00e9rance, ouverture d&rsquo;esprit, compr\u00e9hension et go\u00fbt du partage.<br \/>\nElle est un des piliers de la ligue de Franche-Comt\u00e9, membre du comit\u00e9 directeur, professeur dans deux clubs, responsable de la commission enfants, elle est maintenant sollicit\u00e9e pour l&rsquo;encadrement<br \/>\nde stages f\u00e9d\u00e9raux.<\/p>\n<p>Je ne doute pas que Mai poursuivra sa route pour approfondir sa recherche en aikido et donnera tout<br \/>\nson sens \u00e0 la premi\u00e8re phrase de Tamura Sensei dans la M\u00e9thode Nationale de 1975:<\/p>\n<p>\u00ab\u00a0L&rsquo;AIKIDO ne s&rsquo;apprend pas: IL SE PRATIQUE\u00a0\u00bb.<\/p>\n<p>J.P.M<\/p>\n","protected":false},"excerpt":{"rendered":"<p>Truc-Mai AUBRY vient d&rsquo;\u00eatre promue 5\u00e8me dan. Tout le monde conna\u00eet et appr\u00e9cie Mai. Pour moi, elle symbolise le KEIKO au sens fort et beau du terme. Tamura Sensei donnait deux significations \u00e0 ce terme\u00a0 qui caract\u00e9risent pleinement\u00a0 le travail de Mai :\u00a0 p\u00e9trir le corps inlassablement par une pratique exigeante et r\u00e9guli\u00e8re mais aussi\u00a0 [&hellip;]<\/p>\n","protected":false},"author":5,"featured_media":0,"comment_status":"closed","ping_status":"open","sticky":false,"template":"","format":"standard","meta":{"ngg_post_thumbnail":0,"footnotes":""},"categories":[12,22,35],"tags":[],"class_list":["post-3864","post","type-post","status-publish","format-standard","hentry","category-cat_actu","category-cat_archives","category-archives-2016"],"_links":{"self":[{"href":"https:\/\/www.aikidofranchecomte.fr\/index.php?rest_route=\/wp\/v2\/posts\/3864","targetHints":{"allow":["GET"]}}],"collection":[{"href":"https:\/\/www.aikidofranchecomte.fr\/index.php?rest_route=\/wp\/v2\/posts"}],"about":[{"href":"https:\/\/www.aikidofranchecomte.fr\/index.php?rest_route=\/wp\/v2\/types\/post"}],"author":[{"embeddable":true,"href":"https:\/\/www.aikidofranchecomte.fr\/index.php?rest_route=\/wp\/v2\/users\/5"}],"replies":[{"embeddable":true,"href":"https:\/\/www.aikidofranchecomte.fr\/index.php?rest_route=%2Fwp%2Fv2%2Fcomments&post=3864"}],"version-history":[{"count":6,"href":"https:\/\/www.aikidofranchecomte.fr\/index.php?rest_route=\/wp\/v2\/posts\/3864\/revisions"}],"predecessor-version":[{"id":3869,"href":"https:\/\/www.aikidofranchecomte.fr\/index.php?rest_route=\/wp\/v2\/posts\/3864\/revisions\/3869"}],"wp:attachment":[{"href":"https:\/\/www.aikidofranchecomte.fr\/index.php?rest_route=%2Fwp%2Fv2%2Fmedia&parent=3864"}],"wp:term":[{"taxonomy":"category","embeddable":true,"href":"https:\/\/www.aikidofranchecomte.fr\/index.php?rest_route=%2Fwp%2Fv2%2Fcategories&post=3864"},{"taxonomy":"post_tag","embeddable":true,"href":"https:\/\/www.aikidofranchecomte.fr\/index.php?rest_route=%2Fwp%2Fv2%2Ftags&post=3864"}],"curies":[{"name":"wp","href":"https:\/\/api.w.org\/{rel}","templated":true}]}}