{"id":3780,"date":"2016-06-30T11:31:52","date_gmt":"2016-06-30T10:31:52","guid":{"rendered":"http:\/\/www.aikidofranchecomte.fr\/?p=3780"},"modified":"2016-10-02T18:43:06","modified_gmt":"2016-10-02T17:43:06","slug":"fete-de-la-ligue-2016-2","status":"publish","type":"post","link":"https:\/\/www.aikidofranchecomte.fr\/?p=3780","title":{"rendered":"FETE DE LA LIGUE 2016"},"content":{"rendered":"<p><iframe loading=\"lazy\" src=\"https:\/\/www.youtube.com\/embed\/n4jnxSUTSEU\" frameborder=\"0\" width=\"560\" height=\"315\"><\/iframe><br \/>\nNous \u00e9tions nombreux\u2026.une trentaine de pratiquants \u00a0sur le tatami pour travailler avec Nathalie, venant du BUC, de l\u2019ASEV, de DOUBS, de NOVILLARS,de PONTARLIER et d\u2019AMANCEY bien s\u00fbr\u2026<br \/>\nSamuel avait mobilis\u00e9 son groupe d\u2019enfants pour l\u2019occasion\u2026.<br \/>\nLe cours s\u2019est achev\u00e9 par un temps de d\u00e9monstration r\u00e9alis\u00e9e par les jeunes \u00e9l\u00e8ves de Samuel, ils ont \u00e9t\u00e9 tr\u00e8s applaudis.<br \/>\nL\u2019effectif s\u2019est \u00e9toff\u00e9 \u00e0 11h30 \u00a0pour le d\u00e9part vers la serre de la ferme de Samuel.<br \/>\nLe temps de convivialit\u00e9 qui a suivi \u00a0a \u00e9t\u00e9 une r\u00e9ussite d\u00e9j\u00e0 du fait que le soleil \u00e9tait de la partie mais aussi de par le nombre de participants\u00a0: soixante-cinq personnes ont pris l\u2019ap\u00e9ritif et d\u00e9jeun\u00e9<br \/>\nsous la tonnelle dress\u00e9e par\u00a0 l\u2019\u00e9quipe de Samuel. Un m\u00e9choui \u00e9tait au menu dont la pr\u00e9paration avait d\u00e9but\u00e9e \u00e0 six heures du matin.<br \/>\nApr\u00e8s le repas, une visite de la ferme a \u00e9t\u00e9 propos\u00e9e avec la traite des vaches \u00e0 17h.<br \/>\nLes mordus de football ont m\u00eame pu voir le match de l\u2019\u00e9quipe de France.<br \/>\n\u2026\u2026\u2026\u2026\u2026\u2026\u2026\u2026\u2026\u2026\u2026\u2026\u2026\u2026\u2026\u2026\u2026\u2026\u2026.<br \/>\nIl me reste \u00e0 remercier le club d\u2019Amancey \u00a0qui accueillait la seconde \u00e9dition de la F\u00eate de la Ligue,l\u2019organisation en a \u00e9t\u00e9 parfaite.<br \/>\nJe donne rendez-vous \u00e0 tous nos pratiquants pour la troisi\u00e8me\u00a0 f\u00eate\u00a0 de la Ligue qui aura lieu le dernier dimanche de juin 2017,le lieu n\u2019en est pas encore fix\u00e9.<\/p>\n<p>J\u2019en profite pour souhaiter de bonnes vacances \u00e0 tous de fa\u00e7on que chacun revienne plein de dynamisme \u00e0 la rentr\u00e9e.<br \/>\nJ.P.M<br \/>\n<a href=\"http:\/\/www.aikidofranchecomte.fr\/wp-content\/uploads\/2016\/06\/Image3.gif\"><img loading=\"lazy\" decoding=\"async\" class=\"alignleft size-full wp-image-3781\" title=\"Image3\" src=\"http:\/\/www.aikidofranchecomte.fr\/wp-content\/uploads\/2016\/06\/Image3.gif\" alt=\"\" width=\"1778\" height=\"2952\" srcset=\"https:\/\/www.aikidofranchecomte.fr\/wp-content\/uploads\/2016\/06\/Image3.gif 1778w, https:\/\/www.aikidofranchecomte.fr\/wp-content\/uploads\/2016\/06\/Image3-180x300.gif 180w, https:\/\/www.aikidofranchecomte.fr\/wp-content\/uploads\/2016\/06\/Image3-616x1024.gif 616w\" sizes=\"auto, (max-width: 1778px) 100vw, 1778px\" \/><\/a><\/p>\n","protected":false},"excerpt":{"rendered":"<p>Nous \u00e9tions nombreux\u2026.une trentaine de pratiquants \u00a0sur le tatami pour travailler avec Nathalie, venant du BUC, de l\u2019ASEV, de DOUBS, de NOVILLARS,de PONTARLIER et d\u2019AMANCEY bien s\u00fbr\u2026 Samuel avait mobilis\u00e9 son groupe d\u2019enfants pour l\u2019occasion\u2026. Le cours s\u2019est achev\u00e9 par un temps de d\u00e9monstration r\u00e9alis\u00e9e par les jeunes \u00e9l\u00e8ves de Samuel, ils ont \u00e9t\u00e9 tr\u00e8s [&hellip;]<\/p>\n","protected":false},"author":5,"featured_media":0,"comment_status":"closed","ping_status":"open","sticky":false,"template":"","format":"standard","meta":{"ngg_post_thumbnail":0,"footnotes":""},"categories":[12,22,35],"tags":[],"class_list":["post-3780","post","type-post","status-publish","format-standard","hentry","category-cat_actu","category-cat_archives","category-archives-2016"],"_links":{"self":[{"href":"https:\/\/www.aikidofranchecomte.fr\/index.php?rest_route=\/wp\/v2\/posts\/3780","targetHints":{"allow":["GET"]}}],"collection":[{"href":"https:\/\/www.aikidofranchecomte.fr\/index.php?rest_route=\/wp\/v2\/posts"}],"about":[{"href":"https:\/\/www.aikidofranchecomte.fr\/index.php?rest_route=\/wp\/v2\/types\/post"}],"author":[{"embeddable":true,"href":"https:\/\/www.aikidofranchecomte.fr\/index.php?rest_route=\/wp\/v2\/users\/5"}],"replies":[{"embeddable":true,"href":"https:\/\/www.aikidofranchecomte.fr\/index.php?rest_route=%2Fwp%2Fv2%2Fcomments&post=3780"}],"version-history":[{"count":7,"href":"https:\/\/www.aikidofranchecomte.fr\/index.php?rest_route=\/wp\/v2\/posts\/3780\/revisions"}],"predecessor-version":[{"id":3958,"href":"https:\/\/www.aikidofranchecomte.fr\/index.php?rest_route=\/wp\/v2\/posts\/3780\/revisions\/3958"}],"wp:attachment":[{"href":"https:\/\/www.aikidofranchecomte.fr\/index.php?rest_route=%2Fwp%2Fv2%2Fmedia&parent=3780"}],"wp:term":[{"taxonomy":"category","embeddable":true,"href":"https:\/\/www.aikidofranchecomte.fr\/index.php?rest_route=%2Fwp%2Fv2%2Fcategories&post=3780"},{"taxonomy":"post_tag","embeddable":true,"href":"https:\/\/www.aikidofranchecomte.fr\/index.php?rest_route=%2Fwp%2Fv2%2Ftags&post=3780"}],"curies":[{"name":"wp","href":"https:\/\/api.w.org\/{rel}","templated":true}]}}