{"id":3750,"date":"2016-06-17T11:11:08","date_gmt":"2016-06-17T10:11:08","guid":{"rendered":"http:\/\/www.aikidofranchecomte.fr\/?p=3750"},"modified":"2016-10-02T18:42:25","modified_gmt":"2016-10-02T17:42:25","slug":"un-nouveau-4eme-dan-en-franche-comte","status":"publish","type":"post","link":"https:\/\/www.aikidofranchecomte.fr\/?p=3750","title":{"rendered":"Un nouveau 4\u00e8me dan en Franche-Comt\u00e9"},"content":{"rendered":"<p>J\u2019ai le plaisir de vous annoncer \u00a0la r\u00e9ussite de Nathalie DANTIER \u00e0 l\u2019examen de \u00a0grade de yondan.<a href=\"http:\/\/www.aikidofranchecomte.fr\/wp-content\/uploads\/2016\/06\/Image3.jpg\"><img loading=\"lazy\" decoding=\"async\" class=\"alignright size-medium wp-image-3751\" title=\"Image3\" src=\"http:\/\/www.aikidofranchecomte.fr\/wp-content\/uploads\/2016\/06\/Image3-227x300.jpg\" alt=\"\" width=\"227\" height=\"300\" srcset=\"https:\/\/www.aikidofranchecomte.fr\/wp-content\/uploads\/2016\/06\/Image3-227x300.jpg 227w, https:\/\/www.aikidofranchecomte.fr\/wp-content\/uploads\/2016\/06\/Image3-776x1024.jpg 776w, https:\/\/www.aikidofranchecomte.fr\/wp-content\/uploads\/2016\/06\/Image3.jpg 1103w\" sizes=\"auto, (max-width: 227px) 100vw, 227px\" \/><br \/>\n<\/a><\/p>\n<p>Elle a r\u00e9ussi brillamment et a \u00e9t\u00e9 f\u00e9licit\u00e9e par les membres de son jury.Je me r\u00e9jouis de cette promotion tout \u00e0 fait m\u00e9rit\u00e9e, elle sanctionne sa pr\u00e9sence r\u00e9guli\u00e8re en stage\u00a0 et son travail\u00a0 pers\u00e9v\u00e9rant sur tous les tatamis Franc-Comtois.<\/p>\n<p>Pour la ligue, ce succ\u00e8s confirme la place des femmes dans l\u2019\u00e9quipe des techniciens de Franche-Comt\u00e9 d\u00e9j\u00e0 bien repr\u00e9sent\u00e9es par Mai et Sandrine.<\/p>\n<p>Nathalie, en plus d\u2019int\u00e9grer la commission technique r\u00e9gionale contribuera, je n\u2019en doute pas, au d\u00e9veloppement de la ligue d\u00e9j\u00e0 par sa participation \u00e0 l&rsquo;\u00e9quipe des enseignants de l&rsquo;Aikikai Pontarlier Haut-Doubs.<\/p>\n<p>Je tiens \u00e0 f\u00e9liciter Nathalie pour cette promotion.<\/p>\n<p>J.P.M.<\/p>\n","protected":false},"excerpt":{"rendered":"<p>J\u2019ai le plaisir de vous annoncer \u00a0la r\u00e9ussite de Nathalie DANTIER \u00e0 l\u2019examen de \u00a0grade de yondan. Elle a r\u00e9ussi brillamment et a \u00e9t\u00e9 f\u00e9licit\u00e9e par les membres de son jury.Je me r\u00e9jouis de cette promotion tout \u00e0 fait m\u00e9rit\u00e9e, elle sanctionne sa pr\u00e9sence r\u00e9guli\u00e8re en stage\u00a0 et son travail\u00a0 pers\u00e9v\u00e9rant sur tous les tatamis [&hellip;]<\/p>\n","protected":false},"author":5,"featured_media":0,"comment_status":"closed","ping_status":"open","sticky":false,"template":"","format":"standard","meta":{"ngg_post_thumbnail":0,"footnotes":""},"categories":[12,22,35],"tags":[],"class_list":["post-3750","post","type-post","status-publish","format-standard","hentry","category-cat_actu","category-cat_archives","category-archives-2016"],"_links":{"self":[{"href":"https:\/\/www.aikidofranchecomte.fr\/index.php?rest_route=\/wp\/v2\/posts\/3750","targetHints":{"allow":["GET"]}}],"collection":[{"href":"https:\/\/www.aikidofranchecomte.fr\/index.php?rest_route=\/wp\/v2\/posts"}],"about":[{"href":"https:\/\/www.aikidofranchecomte.fr\/index.php?rest_route=\/wp\/v2\/types\/post"}],"author":[{"embeddable":true,"href":"https:\/\/www.aikidofranchecomte.fr\/index.php?rest_route=\/wp\/v2\/users\/5"}],"replies":[{"embeddable":true,"href":"https:\/\/www.aikidofranchecomte.fr\/index.php?rest_route=%2Fwp%2Fv2%2Fcomments&post=3750"}],"version-history":[{"count":9,"href":"https:\/\/www.aikidofranchecomte.fr\/index.php?rest_route=\/wp\/v2\/posts\/3750\/revisions"}],"predecessor-version":[{"id":3759,"href":"https:\/\/www.aikidofranchecomte.fr\/index.php?rest_route=\/wp\/v2\/posts\/3750\/revisions\/3759"}],"wp:attachment":[{"href":"https:\/\/www.aikidofranchecomte.fr\/index.php?rest_route=%2Fwp%2Fv2%2Fmedia&parent=3750"}],"wp:term":[{"taxonomy":"category","embeddable":true,"href":"https:\/\/www.aikidofranchecomte.fr\/index.php?rest_route=%2Fwp%2Fv2%2Fcategories&post=3750"},{"taxonomy":"post_tag","embeddable":true,"href":"https:\/\/www.aikidofranchecomte.fr\/index.php?rest_route=%2Fwp%2Fv2%2Ftags&post=3750"}],"curies":[{"name":"wp","href":"https:\/\/api.w.org\/{rel}","templated":true}]}}