{"id":3702,"date":"2016-05-20T11:39:16","date_gmt":"2016-05-20T10:39:16","guid":{"rendered":"http:\/\/www.aikidofranchecomte.fr\/?p=3702"},"modified":"2016-10-02T18:41:14","modified_gmt":"2016-10-02T17:41:14","slug":"commentaire-stage-enfants-de-morez","status":"publish","type":"post","link":"https:\/\/www.aikidofranchecomte.fr\/?p=3702","title":{"rendered":"Commentaires stage enfants de Morez"},"content":{"rendered":"<p><a href=\"http:\/\/www.aikidofranchecomte.fr\/wp-content\/uploads\/2016\/05\/Image1.jpg\"><img loading=\"lazy\" decoding=\"async\" class=\"alignleft size-full wp-image-3703\" title=\"Image1\" src=\"http:\/\/www.aikidofranchecomte.fr\/wp-content\/uploads\/2016\/05\/Image1.jpg\" alt=\"\" width=\"2579\" height=\"1013\" srcset=\"https:\/\/www.aikidofranchecomte.fr\/wp-content\/uploads\/2016\/05\/Image1.jpg 2579w, https:\/\/www.aikidofranchecomte.fr\/wp-content\/uploads\/2016\/05\/Image1-300x117.jpg 300w, https:\/\/www.aikidofranchecomte.fr\/wp-content\/uploads\/2016\/05\/Image1-1024x402.jpg 1024w\" sizes=\"auto, (max-width: 2579px) 100vw, 2579px\" \/><\/a><br \/>\n\u00a0\u00bb Pour les enfants de Haut Jura le 30 avril \u00e9tait un jour important, celui du stage r\u00e9gional jeunes organis\u00e9 par la Ligue et anim\u00e9 par Mai et Saverio .<\/p>\n<p>Les professeurs du haut jura ont \u00e9t\u00e9 fiers de leurs \u00e9l\u00e8ves puisque 21 avaient r\u00e9pondu pr\u00e9sents , venus de Longchaumois, Morez, Saint Laurent et \u00e9galement de Pontarlier.<\/p>\n<p><a href=\"http:\/\/www.aikidofranchecomte.fr\/wp-content\/uploads\/2016\/05\/Image2.jpg\"><img loading=\"lazy\" decoding=\"async\" class=\"alignleft size-thumbnail wp-image-3705\" title=\"Image2\" src=\"http:\/\/www.aikidofranchecomte.fr\/wp-content\/uploads\/2016\/05\/Image2-150x150.jpg\" alt=\"\" width=\"150\" height=\"150\" \/><\/a>Apr\u00e8s une premi\u00e8re partie anim\u00e9e par Saverio consacr\u00e9e au Bokken, la deuxieme partie , apr\u00e8s une courte pause pour s&rsquo;hydrater , a \u00e9t\u00e9 consacr\u00e9e aux techniques \u00e0 main nue avec Mai,<\/p>\n<p>Le tout termin\u00e9 par futari geiko plein d&rsquo;\u00e9nergie d&rsquo;abord par les plus grands puis par les plus petits.<\/p>\n<p>Apr\u00e8s l&rsquo;effort un reconfort avec boissons et gateaux divers bien appr\u00e9ci\u00e9s par tous les participants petits et grands. <a href=\"http:\/\/www.aikidofranchecomte.fr\/wp-content\/uploads\/2016\/05\/Image3.jpg\"><img loading=\"lazy\" decoding=\"async\" class=\"alignright size-thumbnail wp-image-3706\" title=\"Image3\" src=\"http:\/\/www.aikidofranchecomte.fr\/wp-content\/uploads\/2016\/05\/Image3-150x150.jpg\" alt=\"\" width=\"150\" height=\"150\" \/> <\/a><\/p>\n<p>Si le stage a \u00e9t\u00e9 appr\u00e9ci\u00e9 par les jeunes participants,nouveaux enseignants, nouvelles pratiques, nouveaux copains et copines, il a \u00e9galement \u00e9t\u00e9 l&rsquo;occasion d&rsquo;\u00e9changes fructueux entre les enseignants pr\u00e9sents pour pr\u00e9parer la, d\u00e9j\u00e0, prochaine saison.<\/p>\n<p>A bient\u00f4t sur les tatamis du Haut Jura\u00a0\u00bb<br \/>\ncordialement<br \/>\nJean-Marc<\/p>\n<p>&nbsp;<\/p>\n<p><a href=\"http:\/\/www.aikidofranchecomte.fr\/wp-content\/uploads\/2016\/05\/Image4.jpg\"><img loading=\"lazy\" decoding=\"async\" class=\"alignright size-large wp-image-3707\" title=\"Image4\" src=\"http:\/\/www.aikidofranchecomte.fr\/wp-content\/uploads\/2016\/05\/Image4-906x1024.jpg\" alt=\"\" width=\"627\" height=\"708\" srcset=\"https:\/\/www.aikidofranchecomte.fr\/wp-content\/uploads\/2016\/05\/Image4-906x1024.jpg 906w, https:\/\/www.aikidofranchecomte.fr\/wp-content\/uploads\/2016\/05\/Image4-265x300.jpg 265w, https:\/\/www.aikidofranchecomte.fr\/wp-content\/uploads\/2016\/05\/Image4.jpg 1724w\" sizes=\"auto, (max-width: 627px) 100vw, 627px\" \/><\/a><\/p>\n<p>&nbsp;<\/p>\n","protected":false},"excerpt":{"rendered":"<p>\u00a0\u00bb Pour les enfants de Haut Jura le 30 avril \u00e9tait un jour important, celui du stage r\u00e9gional jeunes organis\u00e9 par la Ligue et anim\u00e9 par Mai et Saverio . Les professeurs du haut jura ont \u00e9t\u00e9 fiers de leurs \u00e9l\u00e8ves puisque 21 avaient r\u00e9pondu pr\u00e9sents , venus de Longchaumois, Morez, Saint Laurent et \u00e9galement [&hellip;]<\/p>\n","protected":false},"author":5,"featured_media":0,"comment_status":"closed","ping_status":"open","sticky":false,"template":"","format":"standard","meta":{"ngg_post_thumbnail":0,"footnotes":""},"categories":[12,35],"tags":[],"class_list":["post-3702","post","type-post","status-publish","format-standard","hentry","category-cat_actu","category-archives-2016"],"_links":{"self":[{"href":"https:\/\/www.aikidofranchecomte.fr\/index.php?rest_route=\/wp\/v2\/posts\/3702","targetHints":{"allow":["GET"]}}],"collection":[{"href":"https:\/\/www.aikidofranchecomte.fr\/index.php?rest_route=\/wp\/v2\/posts"}],"about":[{"href":"https:\/\/www.aikidofranchecomte.fr\/index.php?rest_route=\/wp\/v2\/types\/post"}],"author":[{"embeddable":true,"href":"https:\/\/www.aikidofranchecomte.fr\/index.php?rest_route=\/wp\/v2\/users\/5"}],"replies":[{"embeddable":true,"href":"https:\/\/www.aikidofranchecomte.fr\/index.php?rest_route=%2Fwp%2Fv2%2Fcomments&post=3702"}],"version-history":[{"count":8,"href":"https:\/\/www.aikidofranchecomte.fr\/index.php?rest_route=\/wp\/v2\/posts\/3702\/revisions"}],"predecessor-version":[{"id":3952,"href":"https:\/\/www.aikidofranchecomte.fr\/index.php?rest_route=\/wp\/v2\/posts\/3702\/revisions\/3952"}],"wp:attachment":[{"href":"https:\/\/www.aikidofranchecomte.fr\/index.php?rest_route=%2Fwp%2Fv2%2Fmedia&parent=3702"}],"wp:term":[{"taxonomy":"category","embeddable":true,"href":"https:\/\/www.aikidofranchecomte.fr\/index.php?rest_route=%2Fwp%2Fv2%2Fcategories&post=3702"},{"taxonomy":"post_tag","embeddable":true,"href":"https:\/\/www.aikidofranchecomte.fr\/index.php?rest_route=%2Fwp%2Fv2%2Ftags&post=3702"}],"curies":[{"name":"wp","href":"https:\/\/api.w.org\/{rel}","templated":true}]}}