{"id":3662,"date":"2016-04-26T11:26:46","date_gmt":"2016-04-26T10:26:46","guid":{"rendered":"http:\/\/www.aikidofranchecomte.fr\/?p=3662"},"modified":"2016-10-02T18:40:10","modified_gmt":"2016-10-02T17:40:10","slug":"compte-rendu-du-stage-de-preparation-1er-et-2eme-dan-de-st-vit","status":"publish","type":"post","link":"https:\/\/www.aikidofranchecomte.fr\/?p=3662","title":{"rendered":"Compte-rendu du stage de pr\u00e9paration 1er et 2\u00e8me dan de St Vit"},"content":{"rendered":"<p><a href=\"http:\/\/www.aikidofranchecomte.fr\/wp-content\/uploads\/2016\/04\/Image4.jpg\"><img loading=\"lazy\" decoding=\"async\" class=\"alignleft size-full wp-image-3663\" title=\"Image4\" src=\"http:\/\/www.aikidofranchecomte.fr\/wp-content\/uploads\/2016\/04\/Image4.jpg\" alt=\"\" width=\"1771\" height=\"1299\" srcset=\"https:\/\/www.aikidofranchecomte.fr\/wp-content\/uploads\/2016\/04\/Image4.jpg 1771w, https:\/\/www.aikidofranchecomte.fr\/wp-content\/uploads\/2016\/04\/Image4-300x220.jpg 300w, https:\/\/www.aikidofranchecomte.fr\/wp-content\/uploads\/2016\/04\/Image4-1024x751.jpg 1024w\" sizes=\"auto, (max-width: 1771px) 100vw, 1771px\" \/><\/a><\/p>\n<p>Il s\u2019est d\u00e9roul\u00e9 le dimanche 17 avril 2016 de 9h \u00e0 12h. Il a \u00e9t\u00e9 encadr\u00e9 par Sandrine BEAUSEIGNEUR et R\u00e9gis MERMET, tous deux 5<sup>\u00e8me<\/sup> dan.<\/p>\n<p>Quinze participants ont suivi le stage dont trois candidats des sessions d\u2019examen de juin 2016. Plusieurs autres pratiquants parfois hauts grad\u00e9s ont apport\u00e9 une aide pr\u00e9cieuse \u00e0 nos futurs candidats, je les en remercie vivement.<a href=\"http:\/\/www.aikidofranchecomte.fr\/wp-content\/uploads\/2016\/04\/Image3.jpg\"><img loading=\"lazy\" decoding=\"async\" class=\" wp-image-3665 alignright\" title=\"Image3\" src=\"http:\/\/www.aikidofranchecomte.fr\/wp-content\/uploads\/2016\/04\/Image3-300x186.jpg\" alt=\"\" width=\"252\" height=\"156\" srcset=\"https:\/\/www.aikidofranchecomte.fr\/wp-content\/uploads\/2016\/04\/Image3-300x186.jpg 300w, https:\/\/www.aikidofranchecomte.fr\/wp-content\/uploads\/2016\/04\/Image3-1024x636.jpg 1024w\" sizes=\"auto, (max-width: 252px) 100vw, 252px\" \/><\/a><\/p>\n<p>La s\u00e9ance a d\u00e9but\u00e9 par \u00a0une mise en situation en suwari waza, hamnihandachi waza, tachi waza et ushiro waza de tous les stagiaires. Cet exercice s\u2019est r\u00e9v\u00e9l\u00e9 tr\u00e8s pertinent\u00a0: bien que nous soyons \u00e0 deux mois de l\u2019examen, les intervenants ont point\u00e9 plusieurs insuffisances dans les prestations r\u00e9alis\u00e9es notamment au plan du \u00ab\u00a0souffle\u00a0\u00bb mais aussi sur le placement de Tori.<\/p>\n<p><a href=\"http:\/\/www.aikidofranchecomte.fr\/wp-content\/uploads\/2016\/04\/Image2.jpg\"><img loading=\"lazy\" decoding=\"async\" class=\"alignleft  wp-image-3666\" title=\"Image2\" src=\"http:\/\/www.aikidofranchecomte.fr\/wp-content\/uploads\/2016\/04\/Image2-266x300.jpg\" alt=\"\" width=\"213\" height=\"240\" srcset=\"https:\/\/www.aikidofranchecomte.fr\/wp-content\/uploads\/2016\/04\/Image2-266x300.jpg 266w, https:\/\/www.aikidofranchecomte.fr\/wp-content\/uploads\/2016\/04\/Image2-909x1024.jpg 909w, https:\/\/www.aikidofranchecomte.fr\/wp-content\/uploads\/2016\/04\/Image2.jpg 1889w\" sizes=\"auto, (max-width: 213px) 100vw, 213px\" \/><\/a>Les intervenants ont propos\u00e9 \u00a0un travail technique sur ce dernier point en tachi waza, ushiro waza.<\/p>\n<p>A suivi un temps de travail aux armes\u00a0: tanto dori, jodori.<\/p>\n<p>Nos candidats ont encore deux mois de pr\u00e9paration aupr\u00e8s de leurs professeur s de clubs, l\u2019examen aura lieu le samedi 18 juin apr\u00e8s- midi \u00e0 Besan\u00e7on (les informations pr\u00e9cises seront mises sur le site de la ligue).<\/p>\n<p>Je remercie les intervenants pour leur encadrement efficace et attentif \u00e0 chacun.<\/p>\n<p>JPM<\/p>\n","protected":false},"excerpt":{"rendered":"<p>Il s\u2019est d\u00e9roul\u00e9 le dimanche 17 avril 2016 de 9h \u00e0 12h. Il a \u00e9t\u00e9 encadr\u00e9 par Sandrine BEAUSEIGNEUR et R\u00e9gis MERMET, tous deux 5\u00e8me dan. Quinze participants ont suivi le stage dont trois candidats des sessions d\u2019examen de juin 2016. Plusieurs autres pratiquants parfois hauts grad\u00e9s ont apport\u00e9 une aide pr\u00e9cieuse \u00e0 nos futurs [&hellip;]<\/p>\n","protected":false},"author":5,"featured_media":0,"comment_status":"closed","ping_status":"open","sticky":false,"template":"","format":"standard","meta":{"ngg_post_thumbnail":0,"footnotes":""},"categories":[12,35],"tags":[],"class_list":["post-3662","post","type-post","status-publish","format-standard","hentry","category-cat_actu","category-archives-2016"],"_links":{"self":[{"href":"https:\/\/www.aikidofranchecomte.fr\/index.php?rest_route=\/wp\/v2\/posts\/3662","targetHints":{"allow":["GET"]}}],"collection":[{"href":"https:\/\/www.aikidofranchecomte.fr\/index.php?rest_route=\/wp\/v2\/posts"}],"about":[{"href":"https:\/\/www.aikidofranchecomte.fr\/index.php?rest_route=\/wp\/v2\/types\/post"}],"author":[{"embeddable":true,"href":"https:\/\/www.aikidofranchecomte.fr\/index.php?rest_route=\/wp\/v2\/users\/5"}],"replies":[{"embeddable":true,"href":"https:\/\/www.aikidofranchecomte.fr\/index.php?rest_route=%2Fwp%2Fv2%2Fcomments&post=3662"}],"version-history":[{"count":5,"href":"https:\/\/www.aikidofranchecomte.fr\/index.php?rest_route=\/wp\/v2\/posts\/3662\/revisions"}],"predecessor-version":[{"id":3669,"href":"https:\/\/www.aikidofranchecomte.fr\/index.php?rest_route=\/wp\/v2\/posts\/3662\/revisions\/3669"}],"wp:attachment":[{"href":"https:\/\/www.aikidofranchecomte.fr\/index.php?rest_route=%2Fwp%2Fv2%2Fmedia&parent=3662"}],"wp:term":[{"taxonomy":"category","embeddable":true,"href":"https:\/\/www.aikidofranchecomte.fr\/index.php?rest_route=%2Fwp%2Fv2%2Fcategories&post=3662"},{"taxonomy":"post_tag","embeddable":true,"href":"https:\/\/www.aikidofranchecomte.fr\/index.php?rest_route=%2Fwp%2Fv2%2Ftags&post=3662"}],"curies":[{"name":"wp","href":"https:\/\/api.w.org\/{rel}","templated":true}]}}