{"id":3632,"date":"2016-04-12T11:36:24","date_gmt":"2016-04-12T10:36:24","guid":{"rendered":"http:\/\/www.aikidofranchecomte.fr\/?p=3632"},"modified":"2016-10-02T18:39:12","modified_gmt":"2016-10-02T17:39:12","slug":"compte-rendu-du-stage-enfants-a-hauteville","status":"publish","type":"post","link":"https:\/\/www.aikidofranchecomte.fr\/?p=3632","title":{"rendered":"Compte-rendu du stage Enfants \u00e0 Hauteville"},"content":{"rendered":"<p><a href=\"http:\/\/www.aikidofranchecomte.fr\/wp-content\/uploads\/2016\/04\/Image1.gif\"><img loading=\"lazy\" decoding=\"async\" class=\"alignleft size-full wp-image-3633\" title=\"Image1\" src=\"http:\/\/www.aikidofranchecomte.fr\/wp-content\/uploads\/2016\/04\/Image1.gif\" alt=\"\" width=\"1578\" height=\"561\" srcset=\"https:\/\/www.aikidofranchecomte.fr\/wp-content\/uploads\/2016\/04\/Image1.gif 1578w, https:\/\/www.aikidofranchecomte.fr\/wp-content\/uploads\/2016\/04\/Image1-300x106.gif 300w, https:\/\/www.aikidofranchecomte.fr\/wp-content\/uploads\/2016\/04\/Image1-1024x364.gif 1024w\" sizes=\"auto, (max-width: 1578px) 100vw, 1578px\" \/><\/a><\/p>\n<p>Le rendez vous annuel des jeunes A\u00efkidokas du Dauphin\u00e9-Savoie,de Franche Comt\u00e9, et du Lyonnais c&rsquo;est Hauteville Lompnes.<\/p>\n<p>Cette ann\u00e9e le stage s&rsquo;est d\u00e9roul\u00e9 du 19 et 20 Avril sous la sympathique et efficace\u00a0 direction de Gabriel F\u00e9m\u00e9nias CEN 5 em Dan.\u00a0\u00a0\u00a0\u00a0\u00a0\u00a0 <a href=\"http:\/\/www.aikidofranchecomte.fr\/wp-content\/uploads\/2016\/04\/Image3.gif\"><img loading=\"lazy\" decoding=\"async\" class=\"alignright size-medium wp-image-3634\" title=\"Image3\" src=\"http:\/\/www.aikidofranchecomte.fr\/wp-content\/uploads\/2016\/04\/Image3-206x300.gif\" alt=\"\" width=\"206\" height=\"300\" srcset=\"https:\/\/www.aikidofranchecomte.fr\/wp-content\/uploads\/2016\/04\/Image3-206x300.gif 206w, https:\/\/www.aikidofranchecomte.fr\/wp-content\/uploads\/2016\/04\/Image3.gif 649w\" sizes=\"auto, (max-width: 206px) 100vw, 206px\" \/><\/a><\/p>\n<p>&nbsp;<\/p>\n<p>Parmi les nombreux participants, la Franche comt\u00e9 \u00e9tait bien repr\u00e9sent\u00e9e cette ann\u00e9e avec les dojos de la Savoureuse \u00e0 Giromagny du JCP a Pontarlier de Longchaumois et St Laurent en Grandvaux\u00a0 en tout 24 jeunes et 12 adultes.<\/p>\n<p>Certains\u00a0 adultes\u00a0 ont m\u00eame\u00a0 commenc\u00e9 \u00e0 Fr\u00e9quenter Hauteville comme \u00e9l\u00e8ve et le temps passant figurent d\u00e9sormais dans l&rsquo;encadrement.<\/p>\n<p>&nbsp;<\/p>\n<p>Sans revenir sur le cot\u00e9 technique du stage dont la qualit\u00e9 des cours font l&rsquo;unanimit\u00e9, un des ma\u00eetres mots\u00a0 de Hauteville c&rsquo;est\u00a0 l&rsquo;amiti\u00e9 qui r\u00e9gn\u00e9 pendant deux jours et qui motivent la fid\u00e9lit\u00e9s des participants.<\/p>\n<p>&nbsp;<\/p>\n<p>Le point fort pour les cadre \u00e9tant la d\u00e9gustation des sp\u00e9cialit\u00e9s locales que chacun\u00a0 apporte\u00a0\u00a0\u00a0 pour un buffet canadien et la soir\u00e9e des jeunes\u00a0 o\u00f9 se cr\u00e9ent spontan\u00e9ment des groupes amicaux avec parfois une guitare pour la musique\u00a0 sans oublier les furieuse parties de\u00a0\u00bbLoup garou\u00a0\u00bb anim\u00e9es par Boris Kraak.<\/p>\n<p><a href=\"http:\/\/www.aikidofranchecomte.fr\/wp-content\/uploads\/2016\/04\/Image5.gif\"><img loading=\"lazy\" decoding=\"async\" class=\"alignleft size-medium wp-image-3635\" title=\"Image5\" src=\"http:\/\/www.aikidofranchecomte.fr\/wp-content\/uploads\/2016\/04\/Image5-300x202.gif\" alt=\"\" width=\"300\" height=\"202\" srcset=\"https:\/\/www.aikidofranchecomte.fr\/wp-content\/uploads\/2016\/04\/Image5-300x202.gif 300w, https:\/\/www.aikidofranchecomte.fr\/wp-content\/uploads\/2016\/04\/Image5-1024x691.gif 1024w, https:\/\/www.aikidofranchecomte.fr\/wp-content\/uploads\/2016\/04\/Image5.gif 1579w\" sizes=\"auto, (max-width: 300px) 100vw, 300px\" \/><\/a><\/p>\n<p>Gr\u00e2ce \u00e0 Nicole Rouet qui organise ce stage depuis de nombreuses ann\u00e9es tout se passe dans une harmonie digne de l&rsquo;a\u00efkido qui fait que nous\u00a0 sommes toujours bien accueillies sur place.<\/p>\n<p>&nbsp;<\/p>\n<p>Finalement apr\u00e8s deux jours aussi intense tout le monde a un peu de mal \u00e0 repartir dans le quotidien mais chacun se dit au fond de soit \u00ab\u00a0l&rsquo;ann\u00e9e prochaine \u00e0 Hauteville Lompn\u00e9s\u00a0\u00bb.<\/p>\n<p><a href=\"http:\/\/www.aikidofranchecomte.fr\/wp-content\/uploads\/2016\/04\/Image4.gif\"><img loading=\"lazy\" decoding=\"async\" class=\"alignleft size-medium wp-image-3637\" title=\"Image4\" src=\"http:\/\/www.aikidofranchecomte.fr\/wp-content\/uploads\/2016\/04\/Image4-230x300.gif\" alt=\"\" width=\"230\" height=\"300\" srcset=\"https:\/\/www.aikidofranchecomte.fr\/wp-content\/uploads\/2016\/04\/Image4-230x300.gif 230w, https:\/\/www.aikidofranchecomte.fr\/wp-content\/uploads\/2016\/04\/Image4-787x1024.gif 787w, https:\/\/www.aikidofranchecomte.fr\/wp-content\/uploads\/2016\/04\/Image4.gif 797w\" sizes=\"auto, (max-width: 230px) 100vw, 230px\" \/><\/a><\/p>\n<p><a href=\"http:\/\/www.aikidofranchecomte.fr\/wp-content\/uploads\/2016\/04\/Image2.gif\"><img loading=\"lazy\" decoding=\"async\" class=\"alignleft size-full wp-image-3636\" title=\"Image2\" src=\"http:\/\/www.aikidofranchecomte.fr\/wp-content\/uploads\/2016\/04\/Image2.gif\" alt=\"\" width=\"1579\" height=\"561\" srcset=\"https:\/\/www.aikidofranchecomte.fr\/wp-content\/uploads\/2016\/04\/Image2.gif 1579w, https:\/\/www.aikidofranchecomte.fr\/wp-content\/uploads\/2016\/04\/Image2-300x106.gif 300w, https:\/\/www.aikidofranchecomte.fr\/wp-content\/uploads\/2016\/04\/Image2-1024x363.gif 1024w\" sizes=\"auto, (max-width: 1579px) 100vw, 1579px\" \/><\/a>\u00a0\u00a0\u00a0\u00a0\u00a0\u00a0\u00a0\u00a0\u00a0 \u00a0 \u00a0 \u00a0 \u00a0 \u00a0 \u00a0 \u00a0 \u00a0 \u00a0 \u00a0\u00a0 Jean-Marc CHATIN<\/p>\n","protected":false},"excerpt":{"rendered":"<p>Le rendez vous annuel des jeunes A\u00efkidokas du Dauphin\u00e9-Savoie,de Franche Comt\u00e9, et du Lyonnais c&rsquo;est Hauteville Lompnes. Cette ann\u00e9e le stage s&rsquo;est d\u00e9roul\u00e9 du 19 et 20 Avril sous la sympathique et efficace\u00a0 direction de Gabriel F\u00e9m\u00e9nias CEN 5 em Dan.\u00a0\u00a0\u00a0\u00a0\u00a0\u00a0 &nbsp; Parmi les nombreux participants, la Franche comt\u00e9 \u00e9tait bien repr\u00e9sent\u00e9e cette ann\u00e9e avec [&hellip;]<\/p>\n","protected":false},"author":5,"featured_media":0,"comment_status":"closed","ping_status":"open","sticky":false,"template":"","format":"standard","meta":{"ngg_post_thumbnail":0,"footnotes":""},"categories":[12,35],"tags":[],"class_list":["post-3632","post","type-post","status-publish","format-standard","hentry","category-cat_actu","category-archives-2016"],"_links":{"self":[{"href":"https:\/\/www.aikidofranchecomte.fr\/index.php?rest_route=\/wp\/v2\/posts\/3632","targetHints":{"allow":["GET"]}}],"collection":[{"href":"https:\/\/www.aikidofranchecomte.fr\/index.php?rest_route=\/wp\/v2\/posts"}],"about":[{"href":"https:\/\/www.aikidofranchecomte.fr\/index.php?rest_route=\/wp\/v2\/types\/post"}],"author":[{"embeddable":true,"href":"https:\/\/www.aikidofranchecomte.fr\/index.php?rest_route=\/wp\/v2\/users\/5"}],"replies":[{"embeddable":true,"href":"https:\/\/www.aikidofranchecomte.fr\/index.php?rest_route=%2Fwp%2Fv2%2Fcomments&post=3632"}],"version-history":[{"count":6,"href":"https:\/\/www.aikidofranchecomte.fr\/index.php?rest_route=\/wp\/v2\/posts\/3632\/revisions"}],"predecessor-version":[{"id":3641,"href":"https:\/\/www.aikidofranchecomte.fr\/index.php?rest_route=\/wp\/v2\/posts\/3632\/revisions\/3641"}],"wp:attachment":[{"href":"https:\/\/www.aikidofranchecomte.fr\/index.php?rest_route=%2Fwp%2Fv2%2Fmedia&parent=3632"}],"wp:term":[{"taxonomy":"category","embeddable":true,"href":"https:\/\/www.aikidofranchecomte.fr\/index.php?rest_route=%2Fwp%2Fv2%2Fcategories&post=3632"},{"taxonomy":"post_tag","embeddable":true,"href":"https:\/\/www.aikidofranchecomte.fr\/index.php?rest_route=%2Fwp%2Fv2%2Ftags&post=3632"}],"curies":[{"name":"wp","href":"https:\/\/api.w.org\/{rel}","templated":true}]}}