{"id":3496,"date":"2010-09-10T15:58:51","date_gmt":"2010-09-10T14:58:51","guid":{"rendered":"http:\/\/www.aikidofranchecomte.fr\/?p=3496"},"modified":"2021-04-30T10:14:25","modified_gmt":"2021-04-30T09:14:25","slug":"groupe-dento-iwama-ryu-aikido-france-d-i-r-a-f","status":"publish","type":"post","link":"https:\/\/www.aikidofranchecomte.fr\/?p=3496","title":{"rendered":"Groupe Dento Iwama Ryu A\u00efkido France \/ D.I.R.A.F."},"content":{"rendered":"<p>&nbsp;<\/p>\n<p><strong>Le groupe Dento Iwama Ryu Aikido France int\u00e8gre la FFAB:<\/strong><\/p>\n<p>&nbsp;<\/p>\n<p><a href=\"http:\/\/www.aikidofranchecomte.fr\/wp-content\/uploads\/2016\/02\/logoDIRAF_2015.jpg\"><img loading=\"lazy\" decoding=\"async\" class=\"alignleft size-full wp-image-3497\" title=\"logoDIRAF_2015\" src=\"http:\/\/www.aikidofranchecomte.fr\/wp-content\/uploads\/2016\/02\/logoDIRAF_2015.jpg\" alt=\"\" width=\"280\" height=\"300\"><\/a>La F\u00e9d\u00e9ration Fran\u00e7aise d\u2019A\u00efkido et de Budo et le groupe Dento Iwama Ryu A\u00efkido France ont sign\u00e9 le 31 juillet 2015 une convention visant \u00e0 int\u00e9grer la pratique de l\u2019A\u00efkido Iwama Ryu au titre de Budo affinitaire.&nbsp;Cet accord concr\u00e9tise un&nbsp;v\u00e9ritable partenariat&nbsp;entre la FFAB et le groupe DIRAF et constitue sans nul doute la base de la construction d\u2019une plus large collaboration. A ce titre, le groupe Dento Iwama Ryu A\u00efkido France conserve son autonomie de pratique et technique et va pouvoir s\u2019impliquer dans la vie f\u00e9d\u00e9rale par le biais de ses dojos mais aussi des projets d\u00e9velopp\u00e9s.<\/p>\n<p>Dans le CID de Franche-Comt\u00e9, ce courant ne comporte qu&rsquo;un club : Aikido Iwama Ma\u00eeche<\/p>\n<p>&nbsp;<\/p>\n<p>&nbsp;<\/p>\n","protected":false},"excerpt":{"rendered":"<p>&nbsp; Le groupe Dento Iwama Ryu Aikido France int\u00e8gre la FFAB: &nbsp; La F\u00e9d\u00e9ration Fran\u00e7aise d\u2019A\u00efkido et de Budo et le groupe Dento Iwama Ryu A\u00efkido France ont sign\u00e9 le 31 juillet 2015 une convention visant \u00e0 int\u00e9grer la pratique de l\u2019A\u00efkido Iwama Ryu au titre de Budo affinitaire.&nbsp;Cet accord concr\u00e9tise un&nbsp;v\u00e9ritable partenariat&nbsp;entre la FFAB [&hellip;]<\/p>\n","protected":false},"author":5,"featured_media":0,"comment_status":"closed","ping_status":"open","sticky":false,"template":"","format":"standard","meta":{"ngg_post_thumbnail":0,"footnotes":""},"categories":[19],"tags":[],"class_list":["post-3496","post","type-post","status-publish","format-standard","hentry","category-cat_courant"],"_links":{"self":[{"href":"https:\/\/www.aikidofranchecomte.fr\/index.php?rest_route=\/wp\/v2\/posts\/3496","targetHints":{"allow":["GET"]}}],"collection":[{"href":"https:\/\/www.aikidofranchecomte.fr\/index.php?rest_route=\/wp\/v2\/posts"}],"about":[{"href":"https:\/\/www.aikidofranchecomte.fr\/index.php?rest_route=\/wp\/v2\/types\/post"}],"author":[{"embeddable":true,"href":"https:\/\/www.aikidofranchecomte.fr\/index.php?rest_route=\/wp\/v2\/users\/5"}],"replies":[{"embeddable":true,"href":"https:\/\/www.aikidofranchecomte.fr\/index.php?rest_route=%2Fwp%2Fv2%2Fcomments&post=3496"}],"version-history":[{"count":9,"href":"https:\/\/www.aikidofranchecomte.fr\/index.php?rest_route=\/wp\/v2\/posts\/3496\/revisions"}],"predecessor-version":[{"id":6205,"href":"https:\/\/www.aikidofranchecomte.fr\/index.php?rest_route=\/wp\/v2\/posts\/3496\/revisions\/6205"}],"wp:attachment":[{"href":"https:\/\/www.aikidofranchecomte.fr\/index.php?rest_route=%2Fwp%2Fv2%2Fmedia&parent=3496"}],"wp:term":[{"taxonomy":"category","embeddable":true,"href":"https:\/\/www.aikidofranchecomte.fr\/index.php?rest_route=%2Fwp%2Fv2%2Fcategories&post=3496"},{"taxonomy":"post_tag","embeddable":true,"href":"https:\/\/www.aikidofranchecomte.fr\/index.php?rest_route=%2Fwp%2Fv2%2Ftags&post=3496"}],"curies":[{"name":"wp","href":"https:\/\/api.w.org\/{rel}","templated":true}]}}