{"id":3425,"date":"2016-01-12T13:54:49","date_gmt":"2016-01-12T12:54:49","guid":{"rendered":"http:\/\/www.aikidofranchecomte.fr\/?p=3425"},"modified":"2016-10-02T18:32:31","modified_gmt":"2016-10-02T17:32:31","slug":"stage-de-preparation-3eme-et-4eme-dan-de-st-vit","status":"publish","type":"post","link":"https:\/\/www.aikidofranchecomte.fr\/?p=3425","title":{"rendered":"Stage de pr\u00e9paration 3\u00e8me et 4\u00e8me dan de St Vit"},"content":{"rendered":"<p align=\"center\"><span style=\"text-decoration: underline;\"><br \/>\n<\/span><\/p>\n<p align=\"center\"><span style=\"text-decoration: underline;\"><a href=\"http:\/\/www.aikidofranchecomte.fr\/wp-content\/uploads\/2016\/01\/Groupe.gif\"><img loading=\"lazy\" decoding=\"async\" class=\"alignleft size-full wp-image-3426\" title=\"Groupe\" src=\"http:\/\/www.aikidofranchecomte.fr\/wp-content\/uploads\/2016\/01\/Groupe.gif\" alt=\"\" width=\"627\" height=\"167\" srcset=\"https:\/\/www.aikidofranchecomte.fr\/wp-content\/uploads\/2016\/01\/Groupe.gif 627w, https:\/\/www.aikidofranchecomte.fr\/wp-content\/uploads\/2016\/01\/Groupe-300x79.gif 300w\" sizes=\"auto, (max-width: 627px) 100vw, 627px\" \/><\/a><br \/>\n<\/span><\/p>\n<p>Ce stage national a connu un vif succ\u00e8s\u00a0: pr\u00e8s de quarante stagiaires ont suivi l\u2019enseignement d\u2019Henri Avril et d\u2019Antoine Soares durant le week-end.<\/p>\n<p>Des stagiaires du Languedoc-Roussillon, du Centre, d\u2019Ile de France, de Dauphin\u00e9 Savoie \u00a0sont venus pour ce stage\u00a0; le niveau de pratique \u00e9tait \u00e9lev\u00e9 puisque tous les participants avaient au moins un grade de 2<sup>\u00e8me<\/sup> dan.<\/p>\n<p><a href=\"http:\/\/www.aikidofranchecomte.fr\/wp-content\/uploads\/2016\/01\/Image7.gif\"><img loading=\"lazy\" decoding=\"async\" class=\"alignleft size-medium wp-image-3428\" title=\"Image7\" src=\"http:\/\/www.aikidofranchecomte.fr\/wp-content\/uploads\/2016\/01\/Image7-300x282.gif\" alt=\"\" width=\"300\" height=\"282\" srcset=\"https:\/\/www.aikidofranchecomte.fr\/wp-content\/uploads\/2016\/01\/Image7-300x282.gif 300w, https:\/\/www.aikidofranchecomte.fr\/wp-content\/uploads\/2016\/01\/Image7.gif 626w\" sizes=\"auto, (max-width: 300px) 100vw, 300px\" \/><\/a><a href=\"http:\/\/www.aikidofranchecomte.fr\/wp-content\/uploads\/2016\/01\/Image6.gif\"><img loading=\"lazy\" decoding=\"async\" class=\"alignleft size-medium wp-image-3429\" title=\"Image6\" src=\"http:\/\/www.aikidofranchecomte.fr\/wp-content\/uploads\/2016\/01\/Image6-259x300.gif\" alt=\"\" width=\"259\" height=\"300\" srcset=\"https:\/\/www.aikidofranchecomte.fr\/wp-content\/uploads\/2016\/01\/Image6-259x300.gif 259w, https:\/\/www.aikidofranchecomte.fr\/wp-content\/uploads\/2016\/01\/Image6.gif 512w\" sizes=\"auto, (max-width: 259px) 100vw, 259px\" \/><\/a><\/p>\n<p>&nbsp;<\/p>\n<p>&nbsp;<\/p>\n<p>&nbsp;<\/p>\n<p>&nbsp;<\/p>\n<p>&nbsp;<\/p>\n<p>&nbsp;<\/p>\n<p>&nbsp;<\/p>\n<p>&nbsp;<\/p>\n<p>&nbsp;<\/p>\n<p>&nbsp;<\/p>\n<p>Un certain nombre d&rsquo;entre eux envisageait de pr\u00e9senter leur examen en f\u00e9vrier ou en juin 2016.<\/p>\n<p>Les intervenants ont fait le choix de mettre l\u2019accent sur la pr\u00e9cision et la rigueur de la technique au travers du travail aux armes (ken, tanto et jo) mais aussi du travail \u00e0 mains nues.<\/p>\n<p>Pour chaque technique, \u00e9tait soigneusement soulign\u00e9 ce qui \u00e9tait attendu par le jury pour les grades \u00e9lev\u00e9s de sandan et de yondan.<\/p>\n<p>Je remercie les techniciens de Franche-Comt\u00e9 pour leur contribution efficace \u00e0 la r\u00e9ussite de ce stage notamment pour le transport des intervenants mais aussi plus g\u00e9n\u00e9ralement pour l\u2019accueil et l\u2019accompagnement des pratiquants venant de ligues \u00e9loign\u00e9es.<\/p>\n<p>J.p.m.<\/p>\n<p><a href=\"http:\/\/www.aikidofranchecomte.fr\/wp-content\/uploads\/2016\/01\/Image4.gif\"><img loading=\"lazy\" decoding=\"async\" class=\"alignleft size-large wp-image-3430\" title=\"Image4\" src=\"http:\/\/www.aikidofranchecomte.fr\/wp-content\/uploads\/2016\/01\/Image4-781x1024.gif\" alt=\"\" width=\"627\" height=\"822\" srcset=\"https:\/\/www.aikidofranchecomte.fr\/wp-content\/uploads\/2016\/01\/Image4-781x1024.gif 781w, https:\/\/www.aikidofranchecomte.fr\/wp-content\/uploads\/2016\/01\/Image4-228x300.gif 228w, https:\/\/www.aikidofranchecomte.fr\/wp-content\/uploads\/2016\/01\/Image4.gif 1370w\" sizes=\"auto, (max-width: 627px) 100vw, 627px\" \/><\/a><\/p>\n","protected":false},"excerpt":{"rendered":"<p>Ce stage national a connu un vif succ\u00e8s\u00a0: pr\u00e8s de quarante stagiaires ont suivi l\u2019enseignement d\u2019Henri Avril et d\u2019Antoine Soares durant le week-end. Des stagiaires du Languedoc-Roussillon, du Centre, d\u2019Ile de France, de Dauphin\u00e9 Savoie \u00a0sont venus pour ce stage\u00a0; le niveau de pratique \u00e9tait \u00e9lev\u00e9 puisque tous les participants avaient au moins un grade [&hellip;]<\/p>\n","protected":false},"author":5,"featured_media":0,"comment_status":"closed","ping_status":"open","sticky":false,"template":"","format":"standard","meta":{"ngg_post_thumbnail":0,"footnotes":""},"categories":[35],"tags":[],"class_list":["post-3425","post","type-post","status-publish","format-standard","hentry","category-archives-2016"],"_links":{"self":[{"href":"https:\/\/www.aikidofranchecomte.fr\/index.php?rest_route=\/wp\/v2\/posts\/3425","targetHints":{"allow":["GET"]}}],"collection":[{"href":"https:\/\/www.aikidofranchecomte.fr\/index.php?rest_route=\/wp\/v2\/posts"}],"about":[{"href":"https:\/\/www.aikidofranchecomte.fr\/index.php?rest_route=\/wp\/v2\/types\/post"}],"author":[{"embeddable":true,"href":"https:\/\/www.aikidofranchecomte.fr\/index.php?rest_route=\/wp\/v2\/users\/5"}],"replies":[{"embeddable":true,"href":"https:\/\/www.aikidofranchecomte.fr\/index.php?rest_route=%2Fwp%2Fv2%2Fcomments&post=3425"}],"version-history":[{"count":11,"href":"https:\/\/www.aikidofranchecomte.fr\/index.php?rest_route=\/wp\/v2\/posts\/3425\/revisions"}],"predecessor-version":[{"id":3928,"href":"https:\/\/www.aikidofranchecomte.fr\/index.php?rest_route=\/wp\/v2\/posts\/3425\/revisions\/3928"}],"wp:attachment":[{"href":"https:\/\/www.aikidofranchecomte.fr\/index.php?rest_route=%2Fwp%2Fv2%2Fmedia&parent=3425"}],"wp:term":[{"taxonomy":"category","embeddable":true,"href":"https:\/\/www.aikidofranchecomte.fr\/index.php?rest_route=%2Fwp%2Fv2%2Fcategories&post=3425"},{"taxonomy":"post_tag","embeddable":true,"href":"https:\/\/www.aikidofranchecomte.fr\/index.php?rest_route=%2Fwp%2Fv2%2Ftags&post=3425"}],"curies":[{"name":"wp","href":"https:\/\/api.w.org\/{rel}","templated":true}]}}