{"id":3396,"date":"2016-01-04T12:52:38","date_gmt":"2016-01-04T11:52:38","guid":{"rendered":"http:\/\/www.aikidofranchecomte.fr\/?p=3396"},"modified":"2016-10-02T18:32:08","modified_gmt":"2016-10-02T17:32:08","slug":"voeux-2016","status":"publish","type":"post","link":"https:\/\/www.aikidofranchecomte.fr\/?p=3396","title":{"rendered":"V\u0153ux 2016"},"content":{"rendered":"<p align=\"center\"><span style=\"text-decoration: underline;\"><a href=\"http:\/\/www.aikidofranchecomte.fr\/wp-content\/uploads\/2016\/01\/24122015_10_37_lvdf.jpg\"><img loading=\"lazy\" decoding=\"async\" class=\"alignleft size-full wp-image-3397\" title=\"Mise en page 1\" src=\"http:\/\/www.aikidofranchecomte.fr\/wp-content\/uploads\/2016\/01\/24122015_10_37_lvdf.jpg\" alt=\"\" width=\"800\" height=\"400\" srcset=\"https:\/\/www.aikidofranchecomte.fr\/wp-content\/uploads\/2016\/01\/24122015_10_37_lvdf.jpg 800w, https:\/\/www.aikidofranchecomte.fr\/wp-content\/uploads\/2016\/01\/24122015_10_37_lvdf-300x150.jpg 300w\" sizes=\"auto, (max-width: 800px) 100vw, 800px\" \/><\/a><\/span><\/p>\n<p>&nbsp;<\/p>\n<p>En ce d\u00e9but d\u2019ann\u00e9e, le pr\u00e9sident et \u00a0le comit\u00e9 directeur de la ligue de Franche-Comt\u00e9 d\u2019Aikido et de Budo pr\u00e9sentent \u00a0\u00e0 tous les pratiquants d\u2019Aikido leurs meilleurs v\u0153ux pour l\u2019ann\u00e9e qui s\u2019ouvre.<\/p>\n<p>Puisse 2016 nous faire progresser\u00a0 dans la voie trac\u00e9e par Tamura Shihan.<\/p>\n<p>C\u2019est par la pratique sur le tatami que nous avancerons m\u00eame si nous sommes parfois\u00a0 confront\u00e9s \u00e0 des probl\u00e8mes physiques ou d\u2019une autre nature.<\/p>\n<p>Tamura Shihan associait fr\u00e9quemment \u00a0au KEIKO &#8211; la pratique &#8211; l\u2019image d\u2019apprendre en p\u00e9trissant ce qui implique un travail dans la dur\u00e9e, \u00e0 la fois dense et r\u00e9gulier.<\/p>\n<p>Encore bonne ann\u00e9e 2016.<\/p>\n<p>Jean-Paul Moine<\/p>\n<p>&nbsp;<\/p>\n","protected":false},"excerpt":{"rendered":"<p>&nbsp; En ce d\u00e9but d\u2019ann\u00e9e, le pr\u00e9sident et \u00a0le comit\u00e9 directeur de la ligue de Franche-Comt\u00e9 d\u2019Aikido et de Budo pr\u00e9sentent \u00a0\u00e0 tous les pratiquants d\u2019Aikido leurs meilleurs v\u0153ux pour l\u2019ann\u00e9e qui s\u2019ouvre. Puisse 2016 nous faire progresser\u00a0 dans la voie trac\u00e9e par Tamura Shihan. C\u2019est par la pratique sur le tatami que nous avancerons [&hellip;]<\/p>\n","protected":false},"author":5,"featured_media":0,"comment_status":"closed","ping_status":"open","sticky":false,"template":"","format":"standard","meta":{"ngg_post_thumbnail":0,"footnotes":""},"categories":[35],"tags":[],"class_list":["post-3396","post","type-post","status-publish","format-standard","hentry","category-archives-2016"],"_links":{"self":[{"href":"https:\/\/www.aikidofranchecomte.fr\/index.php?rest_route=\/wp\/v2\/posts\/3396","targetHints":{"allow":["GET"]}}],"collection":[{"href":"https:\/\/www.aikidofranchecomte.fr\/index.php?rest_route=\/wp\/v2\/posts"}],"about":[{"href":"https:\/\/www.aikidofranchecomte.fr\/index.php?rest_route=\/wp\/v2\/types\/post"}],"author":[{"embeddable":true,"href":"https:\/\/www.aikidofranchecomte.fr\/index.php?rest_route=\/wp\/v2\/users\/5"}],"replies":[{"embeddable":true,"href":"https:\/\/www.aikidofranchecomte.fr\/index.php?rest_route=%2Fwp%2Fv2%2Fcomments&post=3396"}],"version-history":[{"count":13,"href":"https:\/\/www.aikidofranchecomte.fr\/index.php?rest_route=\/wp\/v2\/posts\/3396\/revisions"}],"predecessor-version":[{"id":3409,"href":"https:\/\/www.aikidofranchecomte.fr\/index.php?rest_route=\/wp\/v2\/posts\/3396\/revisions\/3409"}],"wp:attachment":[{"href":"https:\/\/www.aikidofranchecomte.fr\/index.php?rest_route=%2Fwp%2Fv2%2Fmedia&parent=3396"}],"wp:term":[{"taxonomy":"category","embeddable":true,"href":"https:\/\/www.aikidofranchecomte.fr\/index.php?rest_route=%2Fwp%2Fv2%2Fcategories&post=3396"},{"taxonomy":"post_tag","embeddable":true,"href":"https:\/\/www.aikidofranchecomte.fr\/index.php?rest_route=%2Fwp%2Fv2%2Ftags&post=3396"}],"curies":[{"name":"wp","href":"https:\/\/api.w.org\/{rel}","templated":true}]}}