{"id":3332,"date":"2015-12-01T12:17:59","date_gmt":"2015-12-01T11:17:59","guid":{"rendered":"http:\/\/www.aikidofranchecomte.fr\/?p=3332"},"modified":"2016-10-02T18:26:47","modified_gmt":"2016-10-02T17:26:47","slug":"stage-de-ligue-enfants","status":"publish","type":"post","link":"https:\/\/www.aikidofranchecomte.fr\/?p=3332","title":{"rendered":"STAGE DE LIGUE ENFANTS"},"content":{"rendered":"<p>STAGE DE LIGUE ENFANTS<br \/>\nSamedi 28 Novembre 2015 \u00e0 Ecole Valentin<br \/>\n<a href=\"http:\/\/www.aikidofranchecomte.fr\/wp-content\/uploads\/2015\/12\/Image4.jpg\"><img loading=\"lazy\" decoding=\"async\" class=\"alignleft size-full wp-image-3333\" title=\"Image4\" src=\"http:\/\/www.aikidofranchecomte.fr\/wp-content\/uploads\/2015\/12\/Image4.jpg\" alt=\"\" width=\"3213\" height=\"872\" srcset=\"https:\/\/www.aikidofranchecomte.fr\/wp-content\/uploads\/2015\/12\/Image4.jpg 3213w, https:\/\/www.aikidofranchecomte.fr\/wp-content\/uploads\/2015\/12\/Image4-300x81.jpg 300w, https:\/\/www.aikidofranchecomte.fr\/wp-content\/uploads\/2015\/12\/Image4-1024x277.jpg 1024w\" sizes=\"auto, (max-width: 3213px) 100vw, 3213px\" \/><\/a><br \/>\nVingt- quatre enfants ont pratiqu\u00e9 durant l\u2019apr\u00e8s-midi. Les clubs d\u2019ECOLE VALENTIN, de PONTARLIER, du HAUT JURA, d\u2019AMANCEY et de DANJOUTIN \u00e9taient\u00a0 repr\u00e9sent\u00e9s.<br \/>\nL\u2019encadrement a \u00e9t\u00e9 assur\u00e9 par Mai AUBRY et Christian AUBRY, professeurs \u00e0 l\u2019ASEV. Ils ont \u00e9t\u00e9 second\u00e9s par sept enseignants : Sav\u00e9rio PICCOLO, Samuel MASSON, Richard PEREZ, Didier CAPO, Jean-Marc CHATIN, Gilles RENAULT et David BAUDUIN.<br \/>\nChistian a d\u00e9but\u00e9 l\u2019apr\u00e8s-midi par une pr\u00e9paration approfondie dans laquelle les ukemis , les Taisabakis ont \u00e9t\u00e9 soigneusement travaill\u00e9s. Les enseignants pr\u00e9sents en grand nombre ont permis des corrections tr\u00e8s individualis\u00e9es de nos jeunes pratiquants.<br \/>\nMai a pris le relais pour un travail au ken et sur shomen uchi.<br \/>\nLa ligue a ensuite offert un go\u00fbter \u00ab aux petits et aux grands \u00bb pour cl\u00f4turer ce stage.<br \/>\nJe tiens \u00e0 remercier tous les enseignants pr\u00e9sents, les deux intervenants, Mai et Christian pour ce stage de qualit\u00e9 o\u00f9 travail a rim\u00e9 avec bonne humeur.<br \/>\nJe n\u2019ai eu que des retours positifs aupr\u00e8s des enfants avec qui j\u2019ai discut\u00e9.<br \/>\nRendez-vous est pris pour le prochain stage de ligue enfants : le 30 janvier \u00e0 Valentigney encadr\u00e9 par Didier CAPO et Marc FHLOR.<br \/>\nJ.P.M.<\/p>\n<p><a href=\"http:\/\/www.aikidofranchecomte.fr\/wp-content\/uploads\/2015\/12\/Image7.gif\"><img loading=\"lazy\" decoding=\"async\" class=\"alignleft size-full wp-image-3338\" title=\"Image7\" src=\"http:\/\/www.aikidofranchecomte.fr\/wp-content\/uploads\/2015\/12\/Image7.gif\" alt=\"\" width=\"1118\" height=\"1249\" srcset=\"https:\/\/www.aikidofranchecomte.fr\/wp-content\/uploads\/2015\/12\/Image7.gif 1118w, https:\/\/www.aikidofranchecomte.fr\/wp-content\/uploads\/2015\/12\/Image7-268x300.gif 268w, https:\/\/www.aikidofranchecomte.fr\/wp-content\/uploads\/2015\/12\/Image7-916x1024.gif 916w\" sizes=\"auto, (max-width: 1118px) 100vw, 1118px\" \/><\/a><\/p>\n","protected":false},"excerpt":{"rendered":"<p>STAGE DE LIGUE ENFANTS Samedi 28 Novembre 2015 \u00e0 Ecole Valentin Vingt- quatre enfants ont pratiqu\u00e9 durant l\u2019apr\u00e8s-midi. Les clubs d\u2019ECOLE VALENTIN, de PONTARLIER, du HAUT JURA, d\u2019AMANCEY et de DANJOUTIN \u00e9taient\u00a0 repr\u00e9sent\u00e9s. L\u2019encadrement a \u00e9t\u00e9 assur\u00e9 par Mai AUBRY et Christian AUBRY, professeurs \u00e0 l\u2019ASEV. Ils ont \u00e9t\u00e9 second\u00e9s par sept enseignants : Sav\u00e9rio [&hellip;]<\/p>\n","protected":false},"author":5,"featured_media":0,"comment_status":"closed","ping_status":"open","sticky":false,"template":"","format":"standard","meta":{"ngg_post_thumbnail":0,"footnotes":""},"categories":[34],"tags":[],"class_list":["post-3332","post","type-post","status-publish","format-standard","hentry","category-archives-2015"],"_links":{"self":[{"href":"https:\/\/www.aikidofranchecomte.fr\/index.php?rest_route=\/wp\/v2\/posts\/3332","targetHints":{"allow":["GET"]}}],"collection":[{"href":"https:\/\/www.aikidofranchecomte.fr\/index.php?rest_route=\/wp\/v2\/posts"}],"about":[{"href":"https:\/\/www.aikidofranchecomte.fr\/index.php?rest_route=\/wp\/v2\/types\/post"}],"author":[{"embeddable":true,"href":"https:\/\/www.aikidofranchecomte.fr\/index.php?rest_route=\/wp\/v2\/users\/5"}],"replies":[{"embeddable":true,"href":"https:\/\/www.aikidofranchecomte.fr\/index.php?rest_route=%2Fwp%2Fv2%2Fcomments&post=3332"}],"version-history":[{"count":8,"href":"https:\/\/www.aikidofranchecomte.fr\/index.php?rest_route=\/wp\/v2\/posts\/3332\/revisions"}],"predecessor-version":[{"id":3341,"href":"https:\/\/www.aikidofranchecomte.fr\/index.php?rest_route=\/wp\/v2\/posts\/3332\/revisions\/3341"}],"wp:attachment":[{"href":"https:\/\/www.aikidofranchecomte.fr\/index.php?rest_route=%2Fwp%2Fv2%2Fmedia&parent=3332"}],"wp:term":[{"taxonomy":"category","embeddable":true,"href":"https:\/\/www.aikidofranchecomte.fr\/index.php?rest_route=%2Fwp%2Fv2%2Fcategories&post=3332"},{"taxonomy":"post_tag","embeddable":true,"href":"https:\/\/www.aikidofranchecomte.fr\/index.php?rest_route=%2Fwp%2Fv2%2Ftags&post=3332"}],"curies":[{"name":"wp","href":"https:\/\/api.w.org\/{rel}","templated":true}]}}