{"id":3268,"date":"2015-11-18T10:04:55","date_gmt":"2015-11-18T09:04:55","guid":{"rendered":"http:\/\/www.aikidofranchecomte.fr\/?p=3268"},"modified":"2016-10-02T18:25:30","modified_gmt":"2016-10-02T17:25:30","slug":"premier-stage-de-fabrice-a-pontarlier","status":"publish","type":"post","link":"https:\/\/www.aikidofranchecomte.fr\/?p=3268","title":{"rendered":"PREMIER STAGE DE FABRICE A PONTARLIER"},"content":{"rendered":"<p align=\"center\"><span style=\"text-decoration: underline;\">PREMIER STAGE DE FABRICE A PONTARLIER LES 14 ET 15 NOVEMBRE 2015<\/span><\/p>\n<p align=\"center\"><a href=\"http:\/\/www.aikidofranchecomte.fr\/wp-content\/uploads\/2015\/11\/Image4.jpg\"><img loading=\"lazy\" decoding=\"async\" class=\"alignleft size-full wp-image-3269\" title=\"Image4\" src=\"http:\/\/www.aikidofranchecomte.fr\/wp-content\/uploads\/2015\/11\/Image4.jpg\" alt=\"\" width=\"3715\" height=\"903\" srcset=\"https:\/\/www.aikidofranchecomte.fr\/wp-content\/uploads\/2015\/11\/Image4.jpg 3715w, https:\/\/www.aikidofranchecomte.fr\/wp-content\/uploads\/2015\/11\/Image4-300x72.jpg 300w, https:\/\/www.aikidofranchecomte.fr\/wp-content\/uploads\/2015\/11\/Image4-1024x248.jpg 1024w\" sizes=\"auto, (max-width: 3715px) 100vw, 3715px\" \/><\/a><\/p>\n<p>Etant donn\u00e9 l\u2019actualit\u00e9, ce premier stage a d\u00e9but\u00e9 par une minute de silence en hommage aux victimes des attentats terroristes du 13 novembre.<\/p>\n<p>Ce stage a \u00e9t\u00e9 une r\u00e9ussite\u00a0: plus de soixante pratiquants le samedi apr\u00e8s-midi, une quarantaine le dimanche matin. La plupart des pratiquants avaient fait le choix de la ristourne. Il est \u00e0 noter que de nombreux d\u00e9butants \u00e9taient pr\u00e9sents pour ce premier stage f\u00e9d\u00e9ral.<\/p>\n<p><a href=\"http:\/\/www.aikidofranchecomte.fr\/wp-content\/uploads\/2015\/11\/Image7.jpg\"><img loading=\"lazy\" decoding=\"async\" class=\"alignleft size-full wp-image-3271\" title=\"Image7\" src=\"http:\/\/www.aikidofranchecomte.fr\/wp-content\/uploads\/2015\/11\/Image7.jpg\" alt=\"\" width=\"1563\" height=\"679\" srcset=\"https:\/\/www.aikidofranchecomte.fr\/wp-content\/uploads\/2015\/11\/Image7.jpg 1563w, https:\/\/www.aikidofranchecomte.fr\/wp-content\/uploads\/2015\/11\/Image7-300x130.jpg 300w, https:\/\/www.aikidofranchecomte.fr\/wp-content\/uploads\/2015\/11\/Image7-1024x444.jpg 1024w\" sizes=\"auto, (max-width: 1563px) 100vw, 1563px\" \/><\/a><\/p>\n<p>Fabrice, bloqu\u00e9 par les douanes suisses, est arriv\u00e9 un peu en retard. Mais il a su rapidement cr\u00e9er une excellente ambiance de travail sur le tatami gr\u00e2ce \u00e0 sa simplicit\u00e9, son dynamisme et sa g\u00e9n\u00e9rosit\u00e9.<\/p>\n<p>Il a travaill\u00e9 durant le week-end sur la notion de verticalit\u00e9 mais aussi sur la relation Aite-Tori. Il a montr\u00e9 le r\u00f4le d\u2019Aite sous toutes ses facettes en soulignant son importance dans la pratique. En multipliant les formes de travail, en alternant les r\u00f4les, chacun a pu ressentir l\u2019\u00e9troitesse du lien entre l\u2019un et l\u2019autre.<\/p>\n<p><a href=\"http:\/\/www.aikidofranchecomte.fr\/wp-content\/uploads\/2015\/11\/Image5.jpg\"><img loading=\"lazy\" decoding=\"async\" class=\"alignright  wp-image-3273\" title=\"Image5\" src=\"http:\/\/www.aikidofranchecomte.fr\/wp-content\/uploads\/2015\/11\/Image5.jpg\" alt=\"\" width=\"914\" height=\"1040\" srcset=\"https:\/\/www.aikidofranchecomte.fr\/wp-content\/uploads\/2015\/11\/Image5.jpg 1524w, https:\/\/www.aikidofranchecomte.fr\/wp-content\/uploads\/2015\/11\/Image5-263x300.jpg 263w, https:\/\/www.aikidofranchecomte.fr\/wp-content\/uploads\/2015\/11\/Image5-899x1024.jpg 899w\" sizes=\"auto, (max-width: 914px) 100vw, 914px\" \/><\/a><\/p>\n<p>Fabrice a ensuite remis des dipl\u00f4mes de grades dan aux laur\u00e9ats de la session de juin 2015.<\/p>\n<p>Enfin, la ligue a offert une collation aux participants, Fabrice a pu \u00e0 cette occasion d\u00e9couvrir le pastis local\u00a0: le Pontarlier.<\/p>\n<p>Je tiens \u00e0 remercier toute l\u2019\u00e9quipe de l\u2019Aikikai Pontarlier Haut Doubs tout particuli\u00e8rement Gilles RENAULT, David BAUDUIN et Nathalie DANTIER qui se sont d\u00e9pens\u00e9s sans compter pour faire de ce stage une r\u00e9ussite.<\/p>\n<p>Je donne rendez-vous \u00e0 tout le monde pour le deuxi\u00e8me stage de Fabrice\u00a0: les 05 et 06 mars 2016 \u00e0 St Vit.<\/p>\n<p>J.P.M.<\/p>\n","protected":false},"excerpt":{"rendered":"<p>PREMIER STAGE DE FABRICE A PONTARLIER LES 14 ET 15 NOVEMBRE 2015 Etant donn\u00e9 l\u2019actualit\u00e9, ce premier stage a d\u00e9but\u00e9 par une minute de silence en hommage aux victimes des attentats terroristes du 13 novembre. Ce stage a \u00e9t\u00e9 une r\u00e9ussite\u00a0: plus de soixante pratiquants le samedi apr\u00e8s-midi, une quarantaine le dimanche matin. La plupart [&hellip;]<\/p>\n","protected":false},"author":5,"featured_media":0,"comment_status":"closed","ping_status":"open","sticky":false,"template":"","format":"standard","meta":{"ngg_post_thumbnail":0,"footnotes":""},"categories":[34],"tags":[],"class_list":["post-3268","post","type-post","status-publish","format-standard","hentry","category-archives-2015"],"_links":{"self":[{"href":"https:\/\/www.aikidofranchecomte.fr\/index.php?rest_route=\/wp\/v2\/posts\/3268","targetHints":{"allow":["GET"]}}],"collection":[{"href":"https:\/\/www.aikidofranchecomte.fr\/index.php?rest_route=\/wp\/v2\/posts"}],"about":[{"href":"https:\/\/www.aikidofranchecomte.fr\/index.php?rest_route=\/wp\/v2\/types\/post"}],"author":[{"embeddable":true,"href":"https:\/\/www.aikidofranchecomte.fr\/index.php?rest_route=\/wp\/v2\/users\/5"}],"replies":[{"embeddable":true,"href":"https:\/\/www.aikidofranchecomte.fr\/index.php?rest_route=%2Fwp%2Fv2%2Fcomments&post=3268"}],"version-history":[{"count":9,"href":"https:\/\/www.aikidofranchecomte.fr\/index.php?rest_route=\/wp\/v2\/posts\/3268\/revisions"}],"predecessor-version":[{"id":3278,"href":"https:\/\/www.aikidofranchecomte.fr\/index.php?rest_route=\/wp\/v2\/posts\/3268\/revisions\/3278"}],"wp:attachment":[{"href":"https:\/\/www.aikidofranchecomte.fr\/index.php?rest_route=%2Fwp%2Fv2%2Fmedia&parent=3268"}],"wp:term":[{"taxonomy":"category","embeddable":true,"href":"https:\/\/www.aikidofranchecomte.fr\/index.php?rest_route=%2Fwp%2Fv2%2Fcategories&post=3268"},{"taxonomy":"post_tag","embeddable":true,"href":"https:\/\/www.aikidofranchecomte.fr\/index.php?rest_route=%2Fwp%2Fv2%2Ftags&post=3268"}],"curies":[{"name":"wp","href":"https:\/\/api.w.org\/{rel}","templated":true}]}}