{"id":316,"date":"2010-01-31T22:27:03","date_gmt":"2010-01-31T21:27:03","guid":{"rendered":"http:\/\/www.aikidofranchecomte.fr\/?p=316"},"modified":"2011-08-27T22:46:59","modified_gmt":"2011-08-27T21:46:59","slug":"preparation-1-2e-dan","status":"publish","type":"post","link":"https:\/\/www.aikidofranchecomte.fr\/?p=316","title":{"rendered":"Pr\u00e9paration 1-2\u00e8 dan &#8211; 21 F\u00e9vrier 2010"},"content":{"rendered":"<p>Renseignements sur le stage de ligue du <strong>21\/02\/2010<\/strong> \u00e0 Danjoutin: <a href=\"http:\/\/www.aikidofranchecomte.fr\/wp-content\/uploads\/2010\/01\/affiche_stage_21fev_1-2dan.pdf\">affiche_stage_21fev_1-2dan<\/a><\/p>\n","protected":false},"excerpt":{"rendered":"<p>Renseignements sur le stage de ligue du 21\/02\/2010 \u00e0 Danjoutin: affiche_stage_21fev_1-2dan<\/p>\n","protected":false},"author":3,"featured_media":0,"comment_status":"closed","ping_status":"open","sticky":false,"template":"","format":"standard","meta":{"ngg_post_thumbnail":0,"footnotes":""},"categories":[20],"tags":[],"class_list":["post-316","post","type-post","status-publish","format-standard","hentry","category-cat_inf_stages_archive"],"_links":{"self":[{"href":"https:\/\/www.aikidofranchecomte.fr\/index.php?rest_route=\/wp\/v2\/posts\/316","targetHints":{"allow":["GET"]}}],"collection":[{"href":"https:\/\/www.aikidofranchecomte.fr\/index.php?rest_route=\/wp\/v2\/posts"}],"about":[{"href":"https:\/\/www.aikidofranchecomte.fr\/index.php?rest_route=\/wp\/v2\/types\/post"}],"author":[{"embeddable":true,"href":"https:\/\/www.aikidofranchecomte.fr\/index.php?rest_route=\/wp\/v2\/users\/3"}],"replies":[{"embeddable":true,"href":"https:\/\/www.aikidofranchecomte.fr\/index.php?rest_route=%2Fwp%2Fv2%2Fcomments&post=316"}],"version-history":[{"count":9,"href":"https:\/\/www.aikidofranchecomte.fr\/index.php?rest_route=\/wp\/v2\/posts\/316\/revisions"}],"predecessor-version":[{"id":848,"href":"https:\/\/www.aikidofranchecomte.fr\/index.php?rest_route=\/wp\/v2\/posts\/316\/revisions\/848"}],"wp:attachment":[{"href":"https:\/\/www.aikidofranchecomte.fr\/index.php?rest_route=%2Fwp%2Fv2%2Fmedia&parent=316"}],"wp:term":[{"taxonomy":"category","embeddable":true,"href":"https:\/\/www.aikidofranchecomte.fr\/index.php?rest_route=%2Fwp%2Fv2%2Fcategories&post=316"},{"taxonomy":"post_tag","embeddable":true,"href":"https:\/\/www.aikidofranchecomte.fr\/index.php?rest_route=%2Fwp%2Fv2%2Ftags&post=316"}],"curies":[{"name":"wp","href":"https:\/\/api.w.org\/{rel}","templated":true}]}}