{"id":3069,"date":"2015-06-16T11:21:39","date_gmt":"2015-06-16T10:21:39","guid":{"rendered":"http:\/\/www.aikidofranchecomte.fr\/?p=3069"},"modified":"2016-10-02T18:05:46","modified_gmt":"2016-10-02T17:05:46","slug":"stage-professeurs-et-stage-national-des-05-06-et-07-juin-2015","status":"publish","type":"post","link":"https:\/\/www.aikidofranchecomte.fr\/?p=3069","title":{"rendered":"Stage professeurs et stage national des 05, 06 et 07 juin 2015"},"content":{"rendered":"<p>&nbsp;<\/p>\n<p><strong><span style=\"color: #ffcc00;\"><a href=\"https:\/\/plus.google.com\/photos\/+MatthieuDazy\/albums\/6159870124486843761\/6159870121629018114?pid=6159870121629018114&amp;oid=105934293116279433661\"><span style=\"color: #ffcc00;\">Diaporama<\/span><\/a><\/span><\/strong><\/p>\n<p><a href=\"http:\/\/www.aikidofranchecomte.fr\/wp-content\/uploads\/2015\/06\/Image10.jpg\"><img loading=\"lazy\" decoding=\"async\" class=\"alignright size-full wp-image-3072\" title=\"Image10\" src=\"http:\/\/www.aikidofranchecomte.fr\/wp-content\/uploads\/2015\/06\/Image10.jpg\" alt=\"\" width=\"834\" height=\"271\" srcset=\"https:\/\/www.aikidofranchecomte.fr\/wp-content\/uploads\/2015\/06\/Image10.jpg 834w, https:\/\/www.aikidofranchecomte.fr\/wp-content\/uploads\/2015\/06\/Image10-300x97.jpg 300w\" sizes=\"auto, (max-width: 834px) 100vw, 834px\" \/><\/a><\/p>\n<p align=\"center\"><strong><span style=\"text-decoration: underline;\">Stage professeurs et stage national des 05, 06 et 07 juin 2015<\/span><\/strong><\/p>\n<p>Les deux stages \u00e9taient encadr\u00e9s par Luc BOUCHAREU et Robert LE VOURCH, ils se sont d\u00e9roul\u00e9s successivement \u00e0 la halle des Montboucons de Besan\u00e7on et au gymnase Michel Vautrot de St Vit.<a href=\"http:\/\/www.aikidofranchecomte.fr\/wp-content\/uploads\/2015\/06\/Image1.jpg\"><img loading=\"lazy\" decoding=\"async\" class=\"alignright size-thumbnail wp-image-3074\" title=\"Image1\" src=\"http:\/\/www.aikidofranchecomte.fr\/wp-content\/uploads\/2015\/06\/Image1-150x150.jpg\" alt=\"\" width=\"150\" height=\"150\" \/><\/a><\/p>\n<p>Nous avons eu tout au long du week-end un invit\u00e9 surprise\u00a0: la canicule. 34\u00b0 le vendredi apr\u00e8s-midi sous le plafond de la halle des Montboucons. Les pratiquants\u00a0 durant cette demi-journ\u00e9e ont bu trente litres d\u2019eau environ. Les intervenants ont tr\u00e8s bien g\u00e9r\u00e9 ce contexte de chaleur suffocante en adaptant leurs cours.<\/p>\n<p>&#8211; <span style=\"text-decoration: underline;\">Stage de professeurs<\/span>\u00a0: quarante-cinq professeurs ont suivi l\u2019enseignement des deux techniciens missionn\u00e9s par la f\u00e9d\u00e9ration, dix-sept enseignants franc &#8211; comtois y ont particip\u00e9 mais aussi neuf de Bourgogne, dix de Lorraine et trois d\u2019Alsace.<\/p>\n<p><a href=\"http:\/\/www.aikidofranchecomte.fr\/wp-content\/uploads\/2015\/06\/Image4.jpg\"><img loading=\"lazy\" decoding=\"async\" class=\"alignleft size-thumbnail wp-image-3075\" title=\"Image4\" src=\"http:\/\/www.aikidofranchecomte.fr\/wp-content\/uploads\/2015\/06\/Image4-150x150.jpg\" alt=\"\" width=\"150\" height=\"150\" \/><\/a>Les intervenants ont insist\u00e9 sur la notion de\u00a0 centre, le d\u00e9placement en ligne droite, le travail de coupe et la recherche de l\u2019harmonie aite &#8211; tori.<\/p>\n<p>Une trentaine de professeurs \u00e9tait pr\u00e9sente sur chaque demi &#8211; journ\u00e9e, cela a permis aux intervenants d\u2019individualiser leur enseignement et de donner\u00a0 \u00e0 chacun conseils et pistes de travail.<\/p>\n<p>&#8211; <span style=\"text-decoration: underline;\">Stage national<\/span>\u00a0: soixante-cinq participants ont \u00e9t\u00e9 pr\u00e9sents dont trente-quatre franc &#8211; comtois mais aussi un groupe important \u00a0de bourguignons, de lorrains et d\u2019alsaciens.<\/p>\n<p>Les intervenants ont poursuivi le travail sur la coupe en descendant le centre, le d\u00e9placement de tout le corps et la similitude entre le travail au jo, au ken et la pratique \u00e0 mains nues.<\/p>\n<p>Deux candidats ont r\u00e9ussi leurs examens de grades aikikai organis\u00e9s le samedi soir \u00e0 St Vit.<\/p>\n<p><a href=\"http:\/\/www.aikidofranchecomte.fr\/wp-content\/uploads\/2015\/06\/Image7.jpg\"><img loading=\"lazy\" decoding=\"async\" class=\"alignleft size-full wp-image-3076\" title=\"Image7\" src=\"http:\/\/www.aikidofranchecomte.fr\/wp-content\/uploads\/2015\/06\/Image7.jpg\" alt=\"\" width=\"898\" height=\"258\" srcset=\"https:\/\/www.aikidofranchecomte.fr\/wp-content\/uploads\/2015\/06\/Image7.jpg 898w, https:\/\/www.aikidofranchecomte.fr\/wp-content\/uploads\/2015\/06\/Image7-300x86.jpg 300w\" sizes=\"auto, (max-width: 898px) 100vw, 898px\" \/><\/a><\/p>\n<p>Le cours du dimanche matin s\u2019est termin\u00e9 par une minute de silence en hommage \u00e0 Chiba Sensei , expert historique dont nous avons appris le d\u00e9c\u00e8s durant le week-end.<\/p>\n<p>\u2026\u2026\u2026\u2026\u2026\u2026\u2026\u2026\u2026\u2026\u2026\u2026\u2026\u2026\u2026\u2026\u2026\u2026\u2026.<\/p>\n<p>Globalement, les stagiaires ont appr\u00e9ci\u00e9 ce stage, je n\u2019ai eu que des retours positifs.\u00a0 <a href=\"http:\/\/www.aikidofranchecomte.fr\/wp-content\/uploads\/2015\/06\/Image8.jpg\"><img loading=\"lazy\" decoding=\"async\" class=\"alignright size-thumbnail wp-image-3079\" title=\"Image8\" src=\"http:\/\/www.aikidofranchecomte.fr\/wp-content\/uploads\/2015\/06\/Image8-150x150.jpg\" alt=\"\" width=\"150\" height=\"150\" \/><\/a><\/p>\n<p>L\u2019organisation en a \u00e9t\u00e9 assez d\u00e9licate du fait de la contrainte de cours sur deux sites diff\u00e9rents, la ligue a offert une collation aux stagiaires le samedi soir suite \u00e0 l\u2019examen.<\/p>\n<p>Je tiens \u00e0 remercier particuli\u00e8rement Mai AUBRY et Nathalie DANTIER qui ont contribu\u00e9 \u00e0 la r\u00e9ussite de ce stage\u00a0: prise des inscriptions mais aussi d\u00e9couverte avec leurs aspirateurs des 600 m2 du tatami de la halle des Montboucons.<\/p>\n<p><a href=\"http:\/\/www.aikidofranchecomte.fr\/wp-content\/uploads\/2015\/06\/Image9.jpg\"><img loading=\"lazy\" decoding=\"async\" class=\"alignleft size-thumbnail wp-image-3080\" title=\"Image9\" src=\"http:\/\/www.aikidofranchecomte.fr\/wp-content\/uploads\/2015\/06\/Image9-150x150.jpg\" alt=\"\" width=\"150\" height=\"150\" \/><\/a> Enfin, je remercie \u00e9galement tous les pratiquants qui ont donn\u00e9 un \u00ab\u00a0coup de main\u00a0\u00bb quand cela \u00e9tait n\u00e9cessaire.<\/p>\n<p>J.P.M.<\/p>\n<p>&nbsp;<\/p>\n","protected":false},"excerpt":{"rendered":"<p>&nbsp; Diaporama Stage professeurs et stage national des 05, 06 et 07 juin 2015 Les deux stages \u00e9taient encadr\u00e9s par Luc BOUCHAREU et Robert LE VOURCH, ils se sont d\u00e9roul\u00e9s successivement \u00e0 la halle des Montboucons de Besan\u00e7on et au gymnase Michel Vautrot de St Vit. Nous avons eu tout au long du week-end un [&hellip;]<\/p>\n","protected":false},"author":5,"featured_media":0,"comment_status":"closed","ping_status":"open","sticky":false,"template":"","format":"standard","meta":{"ngg_post_thumbnail":0,"footnotes":""},"categories":[34],"tags":[],"class_list":["post-3069","post","type-post","status-publish","format-standard","hentry","category-archives-2015"],"_links":{"self":[{"href":"https:\/\/www.aikidofranchecomte.fr\/index.php?rest_route=\/wp\/v2\/posts\/3069","targetHints":{"allow":["GET"]}}],"collection":[{"href":"https:\/\/www.aikidofranchecomte.fr\/index.php?rest_route=\/wp\/v2\/posts"}],"about":[{"href":"https:\/\/www.aikidofranchecomte.fr\/index.php?rest_route=\/wp\/v2\/types\/post"}],"author":[{"embeddable":true,"href":"https:\/\/www.aikidofranchecomte.fr\/index.php?rest_route=\/wp\/v2\/users\/5"}],"replies":[{"embeddable":true,"href":"https:\/\/www.aikidofranchecomte.fr\/index.php?rest_route=%2Fwp%2Fv2%2Fcomments&post=3069"}],"version-history":[{"count":9,"href":"https:\/\/www.aikidofranchecomte.fr\/index.php?rest_route=\/wp\/v2\/posts\/3069\/revisions"}],"predecessor-version":[{"id":3083,"href":"https:\/\/www.aikidofranchecomte.fr\/index.php?rest_route=\/wp\/v2\/posts\/3069\/revisions\/3083"}],"wp:attachment":[{"href":"https:\/\/www.aikidofranchecomte.fr\/index.php?rest_route=%2Fwp%2Fv2%2Fmedia&parent=3069"}],"wp:term":[{"taxonomy":"category","embeddable":true,"href":"https:\/\/www.aikidofranchecomte.fr\/index.php?rest_route=%2Fwp%2Fv2%2Fcategories&post=3069"},{"taxonomy":"post_tag","embeddable":true,"href":"https:\/\/www.aikidofranchecomte.fr\/index.php?rest_route=%2Fwp%2Fv2%2Ftags&post=3069"}],"curies":[{"name":"wp","href":"https:\/\/api.w.org\/{rel}","templated":true}]}}