{"id":26,"date":"2009-02-08T18:59:34","date_gmt":"2009-02-08T17:59:34","guid":{"rendered":"http:\/\/www.aikidofranchecomte.fr\/ffab\/?p=26"},"modified":"2021-04-16T12:07:06","modified_gmt":"2021-04-16T11:07:06","slug":"asv-shinshetzu-gakko","status":"publish","type":"post","link":"https:\/\/www.aikidofranchecomte.fr\/?p=26","title":{"rendered":"ASV Shinsetsu Gakko"},"content":{"rendered":"<p>Retrouvez l&rsquo;ASV Shinsetsu Gakko sur le net:<\/p>\n<ul>\n<li>Site web:<span style=\"color: #00ccff;\"> <a href=\"http:\/\/shinsetsu-gakko.jimdo.com\/\" target=\"_blank\" rel=\"noopener noreferrer\"><span style=\"color: #00ccff;\">ASV SHINSETSU gakko<\/span><\/a><\/span><\/li>\n<li><a href=\"https:\/\/www.facebook.com\/groups\/asv.shinsetsu.gakko\/\" target=\"_blank\" rel=\"noopener noreferrer\">&nbsp;<span style=\"color: #00ccff;\">Facebook<\/span><\/a><\/li>\n<\/ul>\n<p>Adresse:<\/p>\n<ul>\n<li>ASV SHINSETSU-GAKKO<br \/>\nASV Dojo des longines<br \/>\n25700 VALENTIGNEY<\/li>\n<\/ul>\n<p>Groupe:<\/p>\n<ul>\n<li>GHAAN<\/li>\n<\/ul>\n<p>Professeurs:<\/p>\n<ul>\n<li>Claude GENTIL 7i\u00e8me dan<\/li>\n<li>Bruno MANZINALLI 5i\u00e8me dan (cours enfants)<\/li>\n<li>Pascal WEICKERT 4i\u00e8me dan<\/li>\n<li>Olivier ROUGY &#8211; 2\u00e8me dan<\/li>\n<\/ul>\n<p>Contacts:<\/p>\n<ul>\n<li>Claude Gentil\n<ul>\n<li>Tel:03.81.94.27.90<\/li>\n<\/ul>\n<\/li>\n<li>Pascal Weickert\n<ul>\n<li><a href=\"mailto:pascal-weickert@orange.fr\">Email <\/a><a href=\"mailto:asvaikidokarate@gmail.com\">asvaikidokarate@gmail.com<\/a><\/li>\n<li>Tel:03.81.35.66.09<\/li>\n<li>Tel:06.86.69.68.93<\/li>\n<\/ul>\n<\/li>\n<\/ul>\n","protected":false},"excerpt":{"rendered":"<p>Retrouvez l&rsquo;ASV Shinsetsu Gakko sur le net: Site web: ASV SHINSETSU gakko &nbsp;Facebook Adresse: ASV SHINSETSU-GAKKO ASV Dojo des longines 25700 VALENTIGNEY Groupe: GHAAN Professeurs: Claude GENTIL 7i\u00e8me dan Bruno MANZINALLI 5i\u00e8me dan (cours enfants) Pascal WEICKERT 4i\u00e8me dan Olivier ROUGY &#8211; 2\u00e8me dan Contacts: Claude Gentil Tel:03.81.94.27.90 Pascal Weickert Email asvaikidokarate@gmail.com Tel:03.81.35.66.09 Tel:06.86.69.68.93<\/p>\n","protected":false},"author":5,"featured_media":0,"comment_status":"closed","ping_status":"open","sticky":false,"template":"","format":"standard","meta":{"ngg_post_thumbnail":0,"footnotes":""},"categories":[4],"tags":[],"class_list":["post-26","post","type-post","status-publish","format-standard","hentry","category-cat_clubs_25"],"_links":{"self":[{"href":"https:\/\/www.aikidofranchecomte.fr\/index.php?rest_route=\/wp\/v2\/posts\/26","targetHints":{"allow":["GET"]}}],"collection":[{"href":"https:\/\/www.aikidofranchecomte.fr\/index.php?rest_route=\/wp\/v2\/posts"}],"about":[{"href":"https:\/\/www.aikidofranchecomte.fr\/index.php?rest_route=\/wp\/v2\/types\/post"}],"author":[{"embeddable":true,"href":"https:\/\/www.aikidofranchecomte.fr\/index.php?rest_route=\/wp\/v2\/users\/5"}],"replies":[{"embeddable":true,"href":"https:\/\/www.aikidofranchecomte.fr\/index.php?rest_route=%2Fwp%2Fv2%2Fcomments&post=26"}],"version-history":[{"count":13,"href":"https:\/\/www.aikidofranchecomte.fr\/index.php?rest_route=\/wp\/v2\/posts\/26\/revisions"}],"predecessor-version":[{"id":6170,"href":"https:\/\/www.aikidofranchecomte.fr\/index.php?rest_route=\/wp\/v2\/posts\/26\/revisions\/6170"}],"wp:attachment":[{"href":"https:\/\/www.aikidofranchecomte.fr\/index.php?rest_route=%2Fwp%2Fv2%2Fmedia&parent=26"}],"wp:term":[{"taxonomy":"category","embeddable":true,"href":"https:\/\/www.aikidofranchecomte.fr\/index.php?rest_route=%2Fwp%2Fv2%2Fcategories&post=26"},{"taxonomy":"post_tag","embeddable":true,"href":"https:\/\/www.aikidofranchecomte.fr\/index.php?rest_route=%2Fwp%2Fv2%2Ftags&post=26"}],"curies":[{"name":"wp","href":"https:\/\/api.w.org\/{rel}","templated":true}]}}