{"id":254,"date":"2009-12-23T11:02:08","date_gmt":"2009-12-23T10:02:08","guid":{"rendered":"http:\/\/www.aikidofranchecomte.fr\/?p=254"},"modified":"2012-09-29T16:38:41","modified_gmt":"2012-09-29T15:38:41","slug":"254","status":"publish","type":"post","link":"https:\/\/www.aikidofranchecomte.fr\/?p=254","title":{"rendered":"Quelques mots de la Pr\u00e9sidente"},"content":{"rendered":"<p>Gr\u00e2ce \u00e0 <strong>Alexandre METZGER<\/strong>\u2026(notre Webmaster \u00ab\u00a0pr\u00e9f\u00e9r\u00e9\u00a0\u00bb), Le site Internet<span> <\/span>va s\u2019enrichir d\u2019une<strong> rubrique \u00ab\u00a0ACTU<\/strong>.\u00a0\u00bb..afin de permettre au plus grand nombre d\u2019\u00eatre inform\u00e9 des \u00e9v\u00e8nements qui marquent la \u00ab\u00a0vie\u00a0\u00bb de notre<span> <\/span>F\u00e9d\u00e9ration la FFAB, et bien s\u00fbr des moments forts de <strong>notre ligue de Franche Comt\u00e9<\/strong> !<\/p>\n<p class=\"MsoNormal\" style=\"text-align: justify;\">Pour le travail et les heures pass\u00e9es, merci encore&#8230;\u00a0!!<\/p>\n<p class=\"MsoNormal\" style=\"text-align: justify;\">\n<p class=\"MsoNormal\" style=\"text-align: justify;\">Cette saison 2009-2010 , malgr\u00e9 le plaisir de se retrouver sur les tapis, est marqu\u00e9e par la perte de notre ami <strong>Jean Yves LE VOURC\u2019H. <\/strong>Pour tous ceux qui l\u2019on rencontr\u00e9s, au del\u00e0 du haut grad\u00e9 qu\u2019il repr\u00e9sentait (CEN, 6\u00e8 dan), il savait \u00eatre l\u2019ami de tous. C\u2019est un des piliers de notre f\u00e9d\u00e9ration, travailleur infatigable de la commission technique qui nous a quitt\u00e9. Au \u00ab\u00a0menhir\u00a0\u00bb qui repr\u00e9sentait si fi\u00e8rement la Bretagne, tu nous manques d\u00e9j\u00e0 \u2026 N\u00e9anmoins l\u2019Assembl\u00e9e G\u00e9n\u00e9rale de la F\u00e9d\u00e9ration s\u2019est d\u00e9roul\u00e9e les 21-22 novembre \u00e0 Marignane, et Jean Yves \u00e9tait de toutes les pens\u00e9es \u2026<\/p>\n<p class=\"MsoNormal\" style=\"text-align: justify;\">\n<p class=\"MsoHeader\" style=\"text-align: justify;\">\n<div id=\"attachment_255\" style=\"width: 310px\" class=\"wp-caption aligncenter\"><a href=\"http:\/\/www.aikidofranchecomte.fr\/wp-content\/uploads\/2009\/12\/jylevourch2.jpg\"><img loading=\"lazy\" decoding=\"async\" aria-describedby=\"caption-attachment-255\" class=\"size-medium wp-image-255\" title=\"Jean-Yves Le Vourc'h \u00e0 Nancy\" src=\"http:\/\/www.aikidofranchecomte.fr\/wp-content\/uploads\/2009\/12\/jylevourch2-300x200.jpg\" alt=\"Pr\u00e9paration 3e 4e dan par Jean-Yves Le Vourc'h \u00e0 Nancy, 20 d\u00e9cembre 2008\" width=\"300\" height=\"200\" srcset=\"https:\/\/www.aikidofranchecomte.fr\/wp-content\/uploads\/2009\/12\/jylevourch2-300x200.jpg 300w, https:\/\/www.aikidofranchecomte.fr\/wp-content\/uploads\/2009\/12\/jylevourch2.jpg 800w\" sizes=\"auto, (max-width: 300px) 100vw, 300px\" \/><\/a><p id=\"caption-attachment-255\" class=\"wp-caption-text\">Pr\u00e9paration 3e 4e dan par Jean-Yves Le Vourc&#39;h \u00e0 Nancy, 20 d\u00e9cembre 2008<\/p><\/div>\n<p class=\"MsoNormal\" style=\"text-align: justify;\"><strong>L\u2019Assembl\u00e9e G\u00e9n\u00e9rale<\/strong> est un temps fort de la vie d\u2019une F\u00e9d\u00e9ration. L\u2019occasion de r\u00e9unir tous les pr\u00e9sidents des ligues et les diff\u00e9rents responsables des diverses commissions qui travaillent dans le sens du d\u00e9veloppement de la FFAB.Et ce , sous la pr\u00e9sence \u00ab\u00a0attentive\u00a0\u00bb de <strong>notre Sensei, Ma\u00eetre TAMURA<\/strong> !<\/p>\n<p class=\"MsoNormal\" style=\"text-align: justify;\">\n<p class=\"MsoNormal\" style=\"text-align: justify;\">L\u2019organisation de la F\u00e9d\u00e9ration Fran\u00e7aise d\u2019A\u00efkido et de Budo (FFAB), qui repr\u00e9sente l\u2019une des F\u00e9d\u00e9rations d\u2019A\u00efkido les plus importantes, en tant que nombre de licenci\u00e9s ( pr\u00e8s de 30 000 licences<span> <\/span>sur 852 clubs), n\u2019est pas une \u00ab\u00a0mince\u00a0\u00bb affaire\u2026Rassurez-vous, je ne d\u00e9taillerais pas tous les bilans qui nous ont occup\u00e9s<span> <\/span>le week-end\u2026\u00a0!<\/p>\n<p class=\"MsoNormal\" style=\"text-align: justify;\">\n<p class=\"MsoNormal\" style=\"text-align: justify;\">Juste un chiffre pour<span> <\/span>la saison \u00e9coul\u00e9e 2008-2009\u00a0: une <strong>croissance de 1000 licences au niveau national<\/strong>. Ce qui n\u2019est pas rien, au vu des multiples disciplines d\u2019arts martiaux qui \u00ab\u00a0fleurissent\u00a0\u00bb sur le territoire\u2026Il est loin le temps o\u00f9 l\u2019A\u00efkido repr\u00e9sentait, apr\u00e8s le Judo et le Karat\u00e9, dans les ann\u00e9es 50, le 3\u00e8 des arts martiaux arriv\u00e9s en France\u00a0!<\/p>\n<p class=\"MsoNormal\" style=\"text-align: justify;\">\n<p class=\"MsoNormal\" style=\"text-align: justify;\">A cette croissance&#8230;<strong>notre Ligue<\/strong> a apport\u00e9 sa \u00ab\u00a0petite pierre\u00a0\u00bb , avec <strong>plus de 50 licences<\/strong>, portant \u00e0 459 le nombre de licences pour la saison \u00e9coul\u00e9e.Ce qui la place au <strong>17<sup>\u00e8me<\/sup> rang<\/strong> ( sur 26 ligues) par nombre de licences.<\/p>\n<p class=\"MsoNormal\" style=\"text-align: justify;\">\n<p class=\"MsoNormal\" style=\"text-align: justify;\">Pour cette nouvelle saison 2009-2010, la rentr\u00e9e s\u2019annonce d\u00e9j\u00e0 prometteuse\u2026\u00a0:<\/p>\n<p class=\"MsoNormal\" style=\"text-align: justify;\">\n<ul>\n<li>Toutes nos f\u00e9licitations \u00e0 <strong>R\u00e9gis MERMET<\/strong>, qui vient d\u2019\u00eatre nomm\u00e9<span> <\/span><strong>5\u00e8 dan<\/strong>\u2026 Pour ceux qui ne le connaissent pas\u2026une \u00a0petite photo s\u2019impose..\u00a0!<\/li>\n<\/ul>\n<p class=\"MsoNormal\" style=\"text-align: justify;\">\n<div id=\"attachment_269\" style=\"width: 310px\" class=\"wp-caption aligncenter\"><a href=\"http:\/\/www.aikidofranchecomte.fr\/wp-content\/uploads\/2009\/12\/regis1.jpg\"><img loading=\"lazy\" decoding=\"async\" aria-describedby=\"caption-attachment-269\" class=\"size-medium wp-image-269\" title=\"R\u00e9gis Mermet\" src=\"http:\/\/www.aikidofranchecomte.fr\/wp-content\/uploads\/2009\/12\/regis1-300x200.jpg\" alt=\"R\u00e9gis Mermet (5i\u00e8me dan) ... Ne pas se fier au sourire !\" width=\"300\" height=\"200\" srcset=\"https:\/\/www.aikidofranchecomte.fr\/wp-content\/uploads\/2009\/12\/regis1-300x200.jpg 300w, https:\/\/www.aikidofranchecomte.fr\/wp-content\/uploads\/2009\/12\/regis1.jpg 1024w\" sizes=\"auto, (max-width: 300px) 100vw, 300px\" \/><\/a><p id=\"caption-attachment-269\" class=\"wp-caption-text\">R\u00e9gis Mermet (5i\u00e8me dan) ... Ne pas se fier au sourire !<\/p><\/div>\n<ul>\n<li>De m\u00eame pour <strong>Truc Ma\u00ef AUBRY<\/strong> (4\u00e8 dan) et <strong>Nicolas CORBOZ<\/strong> (3\u00e8 dan), bravo pour avoir \u00e9t\u00e9 re\u00e7us au <strong>Brevet d\u2019Etat.<\/strong><\/li>\n<\/ul>\n<p class=\"MsoNormal\" style=\"text-align: justify;\"><strong> <\/strong><\/p>\n<p class=\"MsoNormal\" style=\"text-align: justify;\"><strong> <\/strong><\/p>\n<p class=\"MsoNormal\" style=\"text-align: justify;\"><strong> <\/strong><\/p>\n<p class=\"MsoNormal\" style=\"text-align: justify;\">\n<div id=\"attachment_268\" style=\"width: 310px\" class=\"wp-caption aligncenter\"><a href=\"http:\/\/www.aikidofranchecomte.fr\/wp-content\/uploads\/2009\/12\/mai.jpg\"><img loading=\"lazy\" decoding=\"async\" aria-describedby=\"caption-attachment-268\" class=\"size-medium wp-image-268\" title=\"Truc Ma\u00ef Aubry\" src=\"http:\/\/www.aikidofranchecomte.fr\/wp-content\/uploads\/2009\/12\/mai-300x200.jpg\" alt=\"Truc Ma\u00ef Aubry (4i\u00e8me dan)\" width=\"300\" height=\"200\" srcset=\"https:\/\/www.aikidofranchecomte.fr\/wp-content\/uploads\/2009\/12\/mai-300x200.jpg 300w, https:\/\/www.aikidofranchecomte.fr\/wp-content\/uploads\/2009\/12\/mai.jpg 1024w\" sizes=\"auto, (max-width: 300px) 100vw, 300px\" \/><\/a><p id=\"caption-attachment-268\" class=\"wp-caption-text\">Truc Ma\u00ef Aubry (4i\u00e8me dan)<\/p><\/div>\n<p class=\"MsoNormal\" style=\"text-align: justify;\"><strong> <\/strong><\/p>\n<p class=\"MsoNormal\" style=\"text-align: justify;\"><strong> <\/strong><\/p>\n<p class=\"MsoNormal\" style=\"text-align: justify;\"><strong> <\/strong><\/p>\n<p class=\"MsoHeader\" style=\"text-align: justify;\">Pour Nicolas, c\u2019est l\u2019occasion en reprenant le club de RIOZ, de<span> <\/span>mettre en application d\u00e8s cette ann\u00e9e toutes ses qualit\u00e9s d\u2019enseignant.<\/p>\n<p class=\"MsoHeader\" style=\"text-align: justify;\">\n<p class=\"MsoHeader\" style=\"text-align: justify;\">\n<p class=\"MsoHeader\" style=\"text-align: justify;\">\n<p class=\"MsoHeader\" style=\"text-align: justify;\">Et pour finir\u2026BONNE SAISON 2009-2010..<\/p>\n<p class=\"MsoHeader\" style=\"text-align: justify;\"><span> <\/span><span> <\/span>\u2026et A BIENTOT SUR LES TAPIS<\/p>\n<p class=\"MsoNormal\" style=\"text-align: justify;\">\n<p class=\"MsoNormal\" style=\"text-align: right;\">La Pr\u00e9sidente<\/p>\n<p class=\"MsoNormal\" style=\"text-align: right;\">Sandrine BEAUSEIGNEUR<\/p>\n","protected":false},"excerpt":{"rendered":"<p>Gr\u00e2ce \u00e0 Alexandre METZGER\u2026(notre Webmaster \u00ab\u00a0pr\u00e9f\u00e9r\u00e9\u00a0\u00bb), Le site Internet va s\u2019enrichir d\u2019une rubrique \u00ab\u00a0ACTU.\u00a0\u00bb..afin de permettre au plus grand nombre d\u2019\u00eatre inform\u00e9 des \u00e9v\u00e8nements qui marquent la \u00ab\u00a0vie\u00a0\u00bb de notre F\u00e9d\u00e9ration la FFAB, et bien s\u00fbr des moments forts de notre ligue de Franche Comt\u00e9 ! Pour le travail et les heures pass\u00e9es, merci encore&#8230;\u00a0!! [&hellip;]<\/p>\n","protected":false},"author":5,"featured_media":0,"comment_status":"closed","ping_status":"open","sticky":false,"template":"","format":"standard","meta":{"ngg_post_thumbnail":0,"footnotes":""},"categories":[20],"tags":[],"class_list":["post-254","post","type-post","status-publish","format-standard","hentry","category-cat_inf_stages_archive"],"_links":{"self":[{"href":"https:\/\/www.aikidofranchecomte.fr\/index.php?rest_route=\/wp\/v2\/posts\/254","targetHints":{"allow":["GET"]}}],"collection":[{"href":"https:\/\/www.aikidofranchecomte.fr\/index.php?rest_route=\/wp\/v2\/posts"}],"about":[{"href":"https:\/\/www.aikidofranchecomte.fr\/index.php?rest_route=\/wp\/v2\/types\/post"}],"author":[{"embeddable":true,"href":"https:\/\/www.aikidofranchecomte.fr\/index.php?rest_route=\/wp\/v2\/users\/5"}],"replies":[{"embeddable":true,"href":"https:\/\/www.aikidofranchecomte.fr\/index.php?rest_route=%2Fwp%2Fv2%2Fcomments&post=254"}],"version-history":[{"count":13,"href":"https:\/\/www.aikidofranchecomte.fr\/index.php?rest_route=\/wp\/v2\/posts\/254\/revisions"}],"predecessor-version":[{"id":1229,"href":"https:\/\/www.aikidofranchecomte.fr\/index.php?rest_route=\/wp\/v2\/posts\/254\/revisions\/1229"}],"wp:attachment":[{"href":"https:\/\/www.aikidofranchecomte.fr\/index.php?rest_route=%2Fwp%2Fv2%2Fmedia&parent=254"}],"wp:term":[{"taxonomy":"category","embeddable":true,"href":"https:\/\/www.aikidofranchecomte.fr\/index.php?rest_route=%2Fwp%2Fv2%2Fcategories&post=254"},{"taxonomy":"post_tag","embeddable":true,"href":"https:\/\/www.aikidofranchecomte.fr\/index.php?rest_route=%2Fwp%2Fv2%2Ftags&post=254"}],"curies":[{"name":"wp","href":"https:\/\/api.w.org\/{rel}","templated":true}]}}