{"id":1704,"date":"2013-06-19T22:15:26","date_gmt":"2013-06-19T21:15:26","guid":{"rendered":"http:\/\/www.aikidofranchecomte.fr\/?p=1704"},"modified":"2013-09-19T20:59:40","modified_gmt":"2013-09-19T19:59:40","slug":"universite-dete-dannecy-2013","status":"publish","type":"post","link":"https:\/\/www.aikidofranchecomte.fr\/?p=1704","title":{"rendered":"Universit\u00e9 d&rsquo;\u00e9t\u00e9 d&rsquo;Annecy 2013"},"content":{"rendered":"<p>Ouvert \u00e0 toute personne int\u00e9ress\u00e9e par l&rsquo;enseignement, du <strong>28 au 30 juin 2013<\/strong> avec F.Cast,R.Duffours,C.Pellerin,JP.Pigeau.<\/p>\n<p> <strong>Pr\u00e9-inscriptions jusqu&rsquo;au 23\/06\/2013 sinon sur place<\/strong>. <a href='http:\/\/www.aikidofranchecomte.fr\/wp-content\/uploads\/2013\/06\/Circulaire-ANNECY-2013.pdf'>Voir l&rsquo;affiche-Inscription-H\u00e9bergement ANNECY 2013<\/a><\/p>\n","protected":false},"excerpt":{"rendered":"<p>Ouvert \u00e0 toute personne int\u00e9ress\u00e9e par l&rsquo;enseignement, du 28 au 30 juin 2013 avec F.Cast,R.Duffours,C.Pellerin,JP.Pigeau. Pr\u00e9-inscriptions jusqu&rsquo;au 23\/06\/2013 sinon sur place. Voir l&rsquo;affiche-Inscription-H\u00e9bergement ANNECY 2013<\/p>\n","protected":false},"author":3,"featured_media":0,"comment_status":"closed","ping_status":"open","sticky":false,"template":"","format":"standard","meta":{"ngg_post_thumbnail":0,"footnotes":""},"categories":[26],"tags":[],"class_list":["post-1704","post","type-post","status-publish","format-standard","hentry","category-cat_archives_2013"],"_links":{"self":[{"href":"https:\/\/www.aikidofranchecomte.fr\/index.php?rest_route=\/wp\/v2\/posts\/1704","targetHints":{"allow":["GET"]}}],"collection":[{"href":"https:\/\/www.aikidofranchecomte.fr\/index.php?rest_route=\/wp\/v2\/posts"}],"about":[{"href":"https:\/\/www.aikidofranchecomte.fr\/index.php?rest_route=\/wp\/v2\/types\/post"}],"author":[{"embeddable":true,"href":"https:\/\/www.aikidofranchecomte.fr\/index.php?rest_route=\/wp\/v2\/users\/3"}],"replies":[{"embeddable":true,"href":"https:\/\/www.aikidofranchecomte.fr\/index.php?rest_route=%2Fwp%2Fv2%2Fcomments&post=1704"}],"version-history":[{"count":14,"href":"https:\/\/www.aikidofranchecomte.fr\/index.php?rest_route=\/wp\/v2\/posts\/1704\/revisions"}],"predecessor-version":[{"id":1846,"href":"https:\/\/www.aikidofranchecomte.fr\/index.php?rest_route=\/wp\/v2\/posts\/1704\/revisions\/1846"}],"wp:attachment":[{"href":"https:\/\/www.aikidofranchecomte.fr\/index.php?rest_route=%2Fwp%2Fv2%2Fmedia&parent=1704"}],"wp:term":[{"taxonomy":"category","embeddable":true,"href":"https:\/\/www.aikidofranchecomte.fr\/index.php?rest_route=%2Fwp%2Fv2%2Fcategories&post=1704"},{"taxonomy":"post_tag","embeddable":true,"href":"https:\/\/www.aikidofranchecomte.fr\/index.php?rest_route=%2Fwp%2Fv2%2Ftags&post=1704"}],"curies":[{"name":"wp","href":"https:\/\/api.w.org\/{rel}","templated":true}]}}