{"id":1533,"date":"2013-04-08T18:17:59","date_gmt":"2013-04-08T17:17:59","guid":{"rendered":"http:\/\/www.aikidofranchecomte.fr\/?p=1533"},"modified":"2013-09-13T09:08:39","modified_gmt":"2013-09-13T08:08:39","slug":"compte-rendu-de-la-preparation-grades-1er-et-2eme-dan-encadree-par-mai-aubry","status":"publish","type":"post","link":"https:\/\/www.aikidofranchecomte.fr\/?p=1533","title":{"rendered":"Compte-rendu de la pr\u00e9paration grades 1er et 2\u00e8me Dan encadr\u00e9e par Mai AUBRY"},"content":{"rendered":"<p><a href=\"http:\/\/www.aikidofranchecomte.fr\/wp-content\/uploads\/2013\/04\/groupe_stVit2.jpg\"><img loading=\"lazy\" decoding=\"async\" class=\"aligncenter size-large wp-image-1534\" title=\"Stage pr\u00e9pa 1-2\u00e8me dan 7\/04\/2013\" src=\"http:\/\/www.aikidofranchecomte.fr\/wp-content\/uploads\/2013\/04\/groupe_stVit2-1024x768.jpg\" alt=\"\" width=\"640\" height=\"480\" srcset=\"https:\/\/www.aikidofranchecomte.fr\/wp-content\/uploads\/2013\/04\/groupe_stVit2-1024x768.jpg 1024w, https:\/\/www.aikidofranchecomte.fr\/wp-content\/uploads\/2013\/04\/groupe_stVit2-300x225.jpg 300w, https:\/\/www.aikidofranchecomte.fr\/wp-content\/uploads\/2013\/04\/groupe_stVit2-150x112.jpg 150w, https:\/\/www.aikidofranchecomte.fr\/wp-content\/uploads\/2013\/04\/groupe_stVit2-400x300.jpg 400w, https:\/\/www.aikidofranchecomte.fr\/wp-content\/uploads\/2013\/04\/groupe_stVit2.jpg 1500w\" sizes=\"auto, (max-width: 640px) 100vw, 640px\" \/><\/a><br \/>\nVingt pratiquants ont particip\u00e9 au stage de Mai. Ils venaient de Bletterans, Pontarlier, Ecole-Valentin, Novillars, Besan\u00e7on, Audincourt, Dampierre les Bois , Vesoul, Avanne et Valentigney.<br \/>\nMai a repris la pratique en suwariwaza et tachiwaza en rappelant les points essentiels \u00e0 ma\u00eetriser pour une r\u00e9alisation technique correcte.<br \/>\nElle a ensuite mis en situation d\u2019examen tous les candidats aux examens de shodan et de nidan de juin. Jean-Louis Galmes et Jean-Paul Moine l\u2019ont second\u00e9e dans ce travail d\u2019\u00e9valuation.<\/p>\n<p>Ce stage de pr\u00e9paration, \u00e0 deux mois de l\u2019examen, a \u00e9t\u00e9 tr\u00e8s profitable et tr\u00e8s appr\u00e9ci\u00e9 par les stagiaires, ils sont repartis avec des conseils pour am\u00e9liorer leur travail.<br \/>\nJ.P.M.<\/p>\n","protected":false},"excerpt":{"rendered":"<p>Vingt pratiquants ont particip\u00e9 au stage de Mai. Ils venaient de Bletterans, Pontarlier, Ecole-Valentin, Novillars, Besan\u00e7on, Audincourt, Dampierre les Bois , Vesoul, Avanne et Valentigney. Mai a repris la pratique en suwariwaza et tachiwaza en rappelant les points essentiels \u00e0 ma\u00eetriser pour une r\u00e9alisation technique correcte. Elle a ensuite mis en situation d\u2019examen tous les [&hellip;]<\/p>\n","protected":false},"author":3,"featured_media":0,"comment_status":"closed","ping_status":"open","sticky":false,"template":"","format":"standard","meta":{"ngg_post_thumbnail":0,"footnotes":""},"categories":[26],"tags":[],"class_list":["post-1533","post","type-post","status-publish","format-standard","hentry","category-cat_archives_2013"],"_links":{"self":[{"href":"https:\/\/www.aikidofranchecomte.fr\/index.php?rest_route=\/wp\/v2\/posts\/1533","targetHints":{"allow":["GET"]}}],"collection":[{"href":"https:\/\/www.aikidofranchecomte.fr\/index.php?rest_route=\/wp\/v2\/posts"}],"about":[{"href":"https:\/\/www.aikidofranchecomte.fr\/index.php?rest_route=\/wp\/v2\/types\/post"}],"author":[{"embeddable":true,"href":"https:\/\/www.aikidofranchecomte.fr\/index.php?rest_route=\/wp\/v2\/users\/3"}],"replies":[{"embeddable":true,"href":"https:\/\/www.aikidofranchecomte.fr\/index.php?rest_route=%2Fwp%2Fv2%2Fcomments&post=1533"}],"version-history":[{"count":6,"href":"https:\/\/www.aikidofranchecomte.fr\/index.php?rest_route=\/wp\/v2\/posts\/1533\/revisions"}],"predecessor-version":[{"id":1539,"href":"https:\/\/www.aikidofranchecomte.fr\/index.php?rest_route=\/wp\/v2\/posts\/1533\/revisions\/1539"}],"wp:attachment":[{"href":"https:\/\/www.aikidofranchecomte.fr\/index.php?rest_route=%2Fwp%2Fv2%2Fmedia&parent=1533"}],"wp:term":[{"taxonomy":"category","embeddable":true,"href":"https:\/\/www.aikidofranchecomte.fr\/index.php?rest_route=%2Fwp%2Fv2%2Fcategories&post=1533"},{"taxonomy":"post_tag","embeddable":true,"href":"https:\/\/www.aikidofranchecomte.fr\/index.php?rest_route=%2Fwp%2Fv2%2Ftags&post=1533"}],"curies":[{"name":"wp","href":"https:\/\/api.w.org\/{rel}","templated":true}]}}