{"id":1453,"date":"2013-03-22T10:18:07","date_gmt":"2013-03-22T09:18:07","guid":{"rendered":"http:\/\/www.aikidofranchecomte.fr\/?p=1453"},"modified":"2013-07-03T22:45:10","modified_gmt":"2013-07-03T21:45:10","slug":"hommage-a-tamura-dans-le-haut-jura","status":"publish","type":"post","link":"https:\/\/www.aikidofranchecomte.fr\/?p=1453","title":{"rendered":"Hommage \u00e0 Tamura dans le Haut Jura"},"content":{"rendered":"<table>\n<tbody>\n<tr>\n<td>Entrainement du 2 mars au matin qui r\u00e9unissaient l&rsquo;ensemble des clubs du Haut-Jura<\/td>\n<td><a href=\"http:\/\/www.aikidofranchecomte.fr\/wp-content\/uploads\/2013\/03\/paysage_jura2.jpg\"><img loading=\"lazy\" decoding=\"async\" class=\"aligncenter  wp-image-1465\" title=\"paysage_jura2\" src=\"http:\/\/www.aikidofranchecomte.fr\/wp-content\/uploads\/2013\/03\/paysage_jura2-300x235.jpg\" alt=\"\" width=\"346\" height=\"235\" \/><\/a><\/td>\n<td>Tous les \u00e2ges \u00e9taient pr\u00e9sents pour honorer la m\u00e9moire de Tamura Sense\u00ef et des amis r\u00e9cemment disparus<\/td>\n<\/tr>\n<tr>\n<td><a href=\"http:\/\/www.aikidofranchecomte.fr\/wp-content\/uploads\/2013\/03\/clubs_jura2.jpg\"><img loading=\"lazy\" decoding=\"async\" class=\"alignleft  wp-image-1466\" title=\"clubs_jura2\" src=\"http:\/\/www.aikidofranchecomte.fr\/wp-content\/uploads\/2013\/03\/clubs_jura2-300x254.jpg\" alt=\"\" width=\"354\" height=\"299\" srcset=\"https:\/\/www.aikidofranchecomte.fr\/wp-content\/uploads\/2013\/03\/clubs_jura2-300x254.jpg 300w, https:\/\/www.aikidofranchecomte.fr\/wp-content\/uploads\/2013\/03\/clubs_jura2-150x127.jpg 150w, https:\/\/www.aikidofranchecomte.fr\/wp-content\/uploads\/2013\/03\/clubs_jura2-400x339.jpg 400w\" sizes=\"auto, (max-width: 354px) 100vw, 354px\" \/><\/a><\/td>\n<td>le Dojo \u00e9tant tr\u00e8s petit , quelques repr\u00e9sentants de chaque club y assitaient ,Christophe Mah\u00e9 pour le St Laurent-en-Grandvaux,<\/p>\n<p>Guy Brunet pour Longchaumois<\/p>\n<p>Djelloul Fertane pour Mobier<\/p>\n<p>et Jean-Marc Chatin pour Morez<\/p>\n<p>Fid\u00e8le \u00e0 notre tradition nous nous sommes retrouv\u00e9s apr\u00e8s le cours pour un ap\u00e9ritif renforc\u00e9<\/td>\n<td><a href=\"http:\/\/www.aikidofranchecomte.fr\/wp-content\/uploads\/2013\/03\/enfants_jura2.jpg\"><img loading=\"lazy\" decoding=\"async\" class=\"alignright  wp-image-1467\" title=\"enfants_jura2\" src=\"http:\/\/www.aikidofranchecomte.fr\/wp-content\/uploads\/2013\/03\/enfants_jura2-300x254.jpg\" alt=\"\" width=\"352\" height=\"298\" srcset=\"https:\/\/www.aikidofranchecomte.fr\/wp-content\/uploads\/2013\/03\/enfants_jura2-300x254.jpg 300w, https:\/\/www.aikidofranchecomte.fr\/wp-content\/uploads\/2013\/03\/enfants_jura2-1024x870.jpg 1024w, https:\/\/www.aikidofranchecomte.fr\/wp-content\/uploads\/2013\/03\/enfants_jura2-150x127.jpg 150w, https:\/\/www.aikidofranchecomte.fr\/wp-content\/uploads\/2013\/03\/enfants_jura2-400x339.jpg 400w, https:\/\/www.aikidofranchecomte.fr\/wp-content\/uploads\/2013\/03\/enfants_jura2.jpg 1811w\" sizes=\"auto, (max-width: 352px) 100vw, 352px\" \/><\/a><\/td>\n<\/tr>\n<\/tbody>\n<\/table>\n","protected":false},"excerpt":{"rendered":"<p>Entrainement du 2 mars au matin qui r\u00e9unissaient l&rsquo;ensemble des clubs du Haut-Jura Tous les \u00e2ges \u00e9taient pr\u00e9sents pour honorer la m\u00e9moire de Tamura Sense\u00ef et des amis r\u00e9cemment disparus le Dojo \u00e9tant tr\u00e8s petit , quelques repr\u00e9sentants de chaque club y assitaient ,Christophe Mah\u00e9 pour le St Laurent-en-Grandvaux, Guy Brunet pour Longchaumois Djelloul Fertane [&hellip;]<\/p>\n","protected":false},"author":3,"featured_media":0,"comment_status":"closed","ping_status":"open","sticky":false,"template":"","format":"standard","meta":{"ngg_post_thumbnail":0,"footnotes":""},"categories":[25],"tags":[],"class_list":["post-1453","post","type-post","status-publish","format-standard","hentry","category-cat_vie_clubs"],"_links":{"self":[{"href":"https:\/\/www.aikidofranchecomte.fr\/index.php?rest_route=\/wp\/v2\/posts\/1453","targetHints":{"allow":["GET"]}}],"collection":[{"href":"https:\/\/www.aikidofranchecomte.fr\/index.php?rest_route=\/wp\/v2\/posts"}],"about":[{"href":"https:\/\/www.aikidofranchecomte.fr\/index.php?rest_route=\/wp\/v2\/types\/post"}],"author":[{"embeddable":true,"href":"https:\/\/www.aikidofranchecomte.fr\/index.php?rest_route=\/wp\/v2\/users\/3"}],"replies":[{"embeddable":true,"href":"https:\/\/www.aikidofranchecomte.fr\/index.php?rest_route=%2Fwp%2Fv2%2Fcomments&post=1453"}],"version-history":[{"count":28,"href":"https:\/\/www.aikidofranchecomte.fr\/index.php?rest_route=\/wp\/v2\/posts\/1453\/revisions"}],"predecessor-version":[{"id":1771,"href":"https:\/\/www.aikidofranchecomte.fr\/index.php?rest_route=\/wp\/v2\/posts\/1453\/revisions\/1771"}],"wp:attachment":[{"href":"https:\/\/www.aikidofranchecomte.fr\/index.php?rest_route=%2Fwp%2Fv2%2Fmedia&parent=1453"}],"wp:term":[{"taxonomy":"category","embeddable":true,"href":"https:\/\/www.aikidofranchecomte.fr\/index.php?rest_route=%2Fwp%2Fv2%2Fcategories&post=1453"},{"taxonomy":"post_tag","embeddable":true,"href":"https:\/\/www.aikidofranchecomte.fr\/index.php?rest_route=%2Fwp%2Fv2%2Ftags&post=1453"}],"curies":[{"name":"wp","href":"https:\/\/api.w.org\/{rel}","templated":true}]}}