{"id":1448,"date":"2013-03-20T08:23:26","date_gmt":"2013-03-20T07:23:26","guid":{"rendered":"http:\/\/www.aikidofranchecomte.fr\/?p=1448"},"modified":"2013-09-13T09:00:22","modified_gmt":"2013-09-13T08:00:22","slug":"preparation-1er-2eme-dan-avec-tm-aubry","status":"publish","type":"post","link":"https:\/\/www.aikidofranchecomte.fr\/?p=1448","title":{"rendered":"Pr\u00e9paration 1er-2\u00e8me Dan avec TM.Aubry"},"content":{"rendered":"<p>Stage le 7 avril 2013 \u00e0 St-Vit : <a href='http:\/\/www.aikidofranchecomte.fr\/wp-content\/uploads\/2013\/03\/Affiche_stage_Truc-Mai-4.pdf'>voir l&rsquo;affiche<\/a><\/p>\n","protected":false},"excerpt":{"rendered":"<p>Stage le 7 avril 2013 \u00e0 St-Vit : voir l&rsquo;affiche<\/p>\n","protected":false},"author":3,"featured_media":0,"comment_status":"closed","ping_status":"open","sticky":false,"template":"","format":"standard","meta":{"ngg_post_thumbnail":0,"footnotes":""},"categories":[26],"tags":[],"class_list":["post-1448","post","type-post","status-publish","format-standard","hentry","category-cat_archives_2013"],"_links":{"self":[{"href":"https:\/\/www.aikidofranchecomte.fr\/index.php?rest_route=\/wp\/v2\/posts\/1448","targetHints":{"allow":["GET"]}}],"collection":[{"href":"https:\/\/www.aikidofranchecomte.fr\/index.php?rest_route=\/wp\/v2\/posts"}],"about":[{"href":"https:\/\/www.aikidofranchecomte.fr\/index.php?rest_route=\/wp\/v2\/types\/post"}],"author":[{"embeddable":true,"href":"https:\/\/www.aikidofranchecomte.fr\/index.php?rest_route=\/wp\/v2\/users\/3"}],"replies":[{"embeddable":true,"href":"https:\/\/www.aikidofranchecomte.fr\/index.php?rest_route=%2Fwp%2Fv2%2Fcomments&post=1448"}],"version-history":[{"count":3,"href":"https:\/\/www.aikidofranchecomte.fr\/index.php?rest_route=\/wp\/v2\/posts\/1448\/revisions"}],"predecessor-version":[{"id":1797,"href":"https:\/\/www.aikidofranchecomte.fr\/index.php?rest_route=\/wp\/v2\/posts\/1448\/revisions\/1797"}],"wp:attachment":[{"href":"https:\/\/www.aikidofranchecomte.fr\/index.php?rest_route=%2Fwp%2Fv2%2Fmedia&parent=1448"}],"wp:term":[{"taxonomy":"category","embeddable":true,"href":"https:\/\/www.aikidofranchecomte.fr\/index.php?rest_route=%2Fwp%2Fv2%2Fcategories&post=1448"},{"taxonomy":"post_tag","embeddable":true,"href":"https:\/\/www.aikidofranchecomte.fr\/index.php?rest_route=%2Fwp%2Fv2%2Ftags&post=1448"}],"curies":[{"name":"wp","href":"https:\/\/api.w.org\/{rel}","templated":true}]}}