{"id":1417,"date":"2013-03-04T19:44:28","date_gmt":"2013-03-04T18:44:28","guid":{"rendered":"http:\/\/www.aikidofranchecomte.fr\/?p=1417"},"modified":"2013-09-13T09:07:30","modified_gmt":"2013-09-13T08:07:30","slug":"stage-en-hommage-a-tamura-shihan-du-dimanche-03-mars-2013-a-saint-vit","status":"publish","type":"post","link":"https:\/\/www.aikidofranchecomte.fr\/?p=1417","title":{"rendered":"Stage en hommage \u00e0 Tamura Shihan du dimanche 03 mars 2013 \u00e0 Saint-Vit"},"content":{"rendered":"<p>Organis\u00e9 par la ligue de Franche-Comt\u00e9, il a rassembl\u00e9 dimanche matin trente pratiquants et dimanche apr\u00e8s-midi quinze pratiquants.<\/p>\n<p>Certains ont suivi les six cours encadr\u00e9s par des professeurs diff\u00e9rents de la ligue. Je les f\u00e9licite pour leur investissement.<br \/>\nHuit clubs de la ligue ont particip\u00e9 \u00e0 cet hommage, une mention particuli\u00e8re \u00e0 la section aikido d\u2019Ecole Valentin dont huit licenci\u00e9s \u00e9taient pr\u00e9sents sur la journ\u00e9e.<\/p>\n<p>La ligue a offert le petit-d\u00e9jeuner aux courageux du dimanche matin ainsi qu\u2019un ap\u00e9ritif en fin de journ\u00e9e, ces temps de convivialit\u00e9 ont \u00e9t\u00e9 tr\u00e8s appr\u00e9ci\u00e9s par tous.<br \/>\nJe remercie aussi les professeurs qui ont contribu\u00e9 au succ\u00e8s de cette journ\u00e9e.<\/p>\n<p>Je crois que le meilleur moyen de rendre hommage \u00e0 Tamura Sensei \u00e9tait de pratiquer avec modestie et humilit\u00e9 comme il le r\u00e9p\u00e9tait souvent, il est toujours bon de se rappeler que l\u2019aikido se fait d\u2019abord sur le tatami.<\/p>\n<p>Jean-Paul Moine<\/p>\n","protected":false},"excerpt":{"rendered":"<p>Organis\u00e9 par la ligue de Franche-Comt\u00e9, il a rassembl\u00e9 dimanche matin trente pratiquants et dimanche apr\u00e8s-midi quinze pratiquants. Certains ont suivi les six cours encadr\u00e9s par des professeurs diff\u00e9rents de la ligue. Je les f\u00e9licite pour leur investissement. Huit clubs de la ligue ont particip\u00e9 \u00e0 cet hommage, une mention particuli\u00e8re \u00e0 la section aikido [&hellip;]<\/p>\n","protected":false},"author":3,"featured_media":0,"comment_status":"closed","ping_status":"open","sticky":false,"template":"","format":"standard","meta":{"ngg_post_thumbnail":0,"footnotes":""},"categories":[26],"tags":[],"class_list":["post-1417","post","type-post","status-publish","format-standard","hentry","category-cat_archives_2013"],"_links":{"self":[{"href":"https:\/\/www.aikidofranchecomte.fr\/index.php?rest_route=\/wp\/v2\/posts\/1417","targetHints":{"allow":["GET"]}}],"collection":[{"href":"https:\/\/www.aikidofranchecomte.fr\/index.php?rest_route=\/wp\/v2\/posts"}],"about":[{"href":"https:\/\/www.aikidofranchecomte.fr\/index.php?rest_route=\/wp\/v2\/types\/post"}],"author":[{"embeddable":true,"href":"https:\/\/www.aikidofranchecomte.fr\/index.php?rest_route=\/wp\/v2\/users\/3"}],"replies":[{"embeddable":true,"href":"https:\/\/www.aikidofranchecomte.fr\/index.php?rest_route=%2Fwp%2Fv2%2Fcomments&post=1417"}],"version-history":[{"count":10,"href":"https:\/\/www.aikidofranchecomte.fr\/index.php?rest_route=\/wp\/v2\/posts\/1417\/revisions"}],"predecessor-version":[{"id":1807,"href":"https:\/\/www.aikidofranchecomte.fr\/index.php?rest_route=\/wp\/v2\/posts\/1417\/revisions\/1807"}],"wp:attachment":[{"href":"https:\/\/www.aikidofranchecomte.fr\/index.php?rest_route=%2Fwp%2Fv2%2Fmedia&parent=1417"}],"wp:term":[{"taxonomy":"category","embeddable":true,"href":"https:\/\/www.aikidofranchecomte.fr\/index.php?rest_route=%2Fwp%2Fv2%2Fcategories&post=1417"},{"taxonomy":"post_tag","embeddable":true,"href":"https:\/\/www.aikidofranchecomte.fr\/index.php?rest_route=%2Fwp%2Fv2%2Ftags&post=1417"}],"curies":[{"name":"wp","href":"https:\/\/api.w.org\/{rel}","templated":true}]}}