{"id":777,"date":"2011-06-05T21:34:37","date_gmt":"2011-06-05T20:34:37","guid":{"rendered":"http:\/\/www.aikidofranchecomte.fr\/?p=777"},"modified":"2012-06-04T23:21:54","modified_gmt":"2012-06-04T22:21:54","slug":"stage-de-ligue-avec-r-dalessandro-et-jp-moine","status":"publish","type":"post","link":"http:\/\/www.aikidofranchecomte.fr\/?p=777","title":{"rendered":"Stage de ligue avec R.Dalessandro et JP.Moine"},"content":{"rendered":"<p>Stage du 11 au 13 Juin 2011 \u00e0 Besan\u00e7on : <a href='http:\/\/www.aikidofranchecomte.fr\/wp-content\/uploads\/2011\/06\/affiche_stage_ligue_Pentec\u00f4te.pdf'>affiche_stage_ligue_Pentec\u00f4te<\/a><\/p>\n","protected":false},"excerpt":{"rendered":"<p>Stage du 11 au 13 Juin 2011 \u00e0 Besan\u00e7on : affiche_stage_ligue_Pentec\u00f4te<\/p>\n","protected":false},"author":3,"featured_media":0,"comment_status":"closed","ping_status":"open","sticky":false,"template":"","format":"standard","meta":{"ngg_post_thumbnail":0,"footnotes":""},"categories":[21],"tags":[],"class_list":["post-777","post","type-post","status-publish","format-standard","hentry","category-cat_inf_stages_archives_2011"],"_links":{"self":[{"href":"http:\/\/www.aikidofranchecomte.fr\/index.php?rest_route=\/wp\/v2\/posts\/777","targetHints":{"allow":["GET"]}}],"collection":[{"href":"http:\/\/www.aikidofranchecomte.fr\/index.php?rest_route=\/wp\/v2\/posts"}],"about":[{"href":"http:\/\/www.aikidofranchecomte.fr\/index.php?rest_route=\/wp\/v2\/types\/post"}],"author":[{"embeddable":true,"href":"http:\/\/www.aikidofranchecomte.fr\/index.php?rest_route=\/wp\/v2\/users\/3"}],"replies":[{"embeddable":true,"href":"http:\/\/www.aikidofranchecomte.fr\/index.php?rest_route=%2Fwp%2Fv2%2Fcomments&post=777"}],"version-history":[{"count":5,"href":"http:\/\/www.aikidofranchecomte.fr\/index.php?rest_route=\/wp\/v2\/posts\/777\/revisions"}],"predecessor-version":[{"id":1155,"href":"http:\/\/www.aikidofranchecomte.fr\/index.php?rest_route=\/wp\/v2\/posts\/777\/revisions\/1155"}],"wp:attachment":[{"href":"http:\/\/www.aikidofranchecomte.fr\/index.php?rest_route=%2Fwp%2Fv2%2Fmedia&parent=777"}],"wp:term":[{"taxonomy":"category","embeddable":true,"href":"http:\/\/www.aikidofranchecomte.fr\/index.php?rest_route=%2Fwp%2Fv2%2Fcategories&post=777"},{"taxonomy":"post_tag","embeddable":true,"href":"http:\/\/www.aikidofranchecomte.fr\/index.php?rest_route=%2Fwp%2Fv2%2Ftags&post=777"}],"curies":[{"name":"wp","href":"https:\/\/api.w.org\/{rel}","templated":true}]}}