{"id":748,"date":"2011-04-25T13:50:53","date_gmt":"2011-04-25T12:50:53","guid":{"rendered":"http:\/\/www.aikidofranchecomte.fr\/?p=748"},"modified":"2012-06-04T23:16:52","modified_gmt":"2012-06-04T22:16:52","slug":"preparation-3-4e-dan-avec-c-gentil-et-jp-moine","status":"publish","type":"post","link":"http:\/\/www.aikidofranchecomte.fr\/?p=748","title":{"rendered":"Pr\u00e9paration 3-4\u00e8 dan avec C.Gentil et JP.Moine"},"content":{"rendered":"<p>Stage le 15 Mai 2011 \u00e0 <strong>Danjoutin <\/strong>(salle GIBO): <a href='http:\/\/www.aikidofranchecomte.fr\/wp-content\/uploads\/2011\/04\/affiche_stage_pr\u00e9pa3-4dan-.pdf'>affiche_stage_pr\u00e9pa3-4dan<\/a><\/p>\n","protected":false},"excerpt":{"rendered":"<p>Stage le 15 Mai 2011 \u00e0 Danjoutin (salle GIBO): affiche_stage_pr\u00e9pa3-4dan<\/p>\n","protected":false},"author":3,"featured_media":0,"comment_status":"closed","ping_status":"open","sticky":false,"template":"","format":"standard","meta":{"ngg_post_thumbnail":0,"footnotes":""},"categories":[21],"tags":[],"class_list":["post-748","post","type-post","status-publish","format-standard","hentry","category-cat_inf_stages_archives_2011"],"_links":{"self":[{"href":"http:\/\/www.aikidofranchecomte.fr\/index.php?rest_route=\/wp\/v2\/posts\/748","targetHints":{"allow":["GET"]}}],"collection":[{"href":"http:\/\/www.aikidofranchecomte.fr\/index.php?rest_route=\/wp\/v2\/posts"}],"about":[{"href":"http:\/\/www.aikidofranchecomte.fr\/index.php?rest_route=\/wp\/v2\/types\/post"}],"author":[{"embeddable":true,"href":"http:\/\/www.aikidofranchecomte.fr\/index.php?rest_route=\/wp\/v2\/users\/3"}],"replies":[{"embeddable":true,"href":"http:\/\/www.aikidofranchecomte.fr\/index.php?rest_route=%2Fwp%2Fv2%2Fcomments&post=748"}],"version-history":[{"count":7,"href":"http:\/\/www.aikidofranchecomte.fr\/index.php?rest_route=\/wp\/v2\/posts\/748\/revisions"}],"predecessor-version":[{"id":1148,"href":"http:\/\/www.aikidofranchecomte.fr\/index.php?rest_route=\/wp\/v2\/posts\/748\/revisions\/1148"}],"wp:attachment":[{"href":"http:\/\/www.aikidofranchecomte.fr\/index.php?rest_route=%2Fwp%2Fv2%2Fmedia&parent=748"}],"wp:term":[{"taxonomy":"category","embeddable":true,"href":"http:\/\/www.aikidofranchecomte.fr\/index.php?rest_route=%2Fwp%2Fv2%2Fcategories&post=748"},{"taxonomy":"post_tag","embeddable":true,"href":"http:\/\/www.aikidofranchecomte.fr\/index.php?rest_route=%2Fwp%2Fv2%2Ftags&post=748"}],"curies":[{"name":"wp","href":"https:\/\/api.w.org\/{rel}","templated":true}]}}