{"id":4774,"date":"2018-07-28T09:51:38","date_gmt":"2018-07-28T08:51:38","guid":{"rendered":"http:\/\/www.aikidofranchecomte.fr\/?p=4774"},"modified":"2018-07-28T09:51:38","modified_gmt":"2018-07-28T08:51:38","slug":"stage-de-lesneven","status":"publish","type":"post","link":"http:\/\/www.aikidofranchecomte.fr\/?p=4774","title":{"rendered":"Stage de LESNEVEN"},"content":{"rendered":"<p>40 \u00e8me anniversaire du stage international de Lesneven Lors de ce stage encadr\u00e9 par Yamada Sensei et Fukakusa Sensei, une d\u00e9monstration a \u00e9t\u00e9 organis\u00e9e au cours de laquelle les d\u00e9l\u00e9gations \u00e9trang\u00e8res et les pratiquants des diff\u00e9rentes ligues et C.I.D. de France ont pr\u00e9sent\u00e9 un temps de pratique.<\/p>\n<p>Sandrine et moi avons repr\u00e9sent\u00e9 la Franche-Comt\u00e9 avec comme Aite Nuria et Patricia durant deux minutes de d\u00e9monstration. A succ\u00e9d\u00e9 un temps de convivialit\u00e9 o\u00f9 nous avons red\u00e9couverts gr\u00e2ce \u00e0 un diaporama l&rsquo;histoire de ce stage cr\u00e9\u00e9 il y quarante ans par Jean-Yves LE VOURCH. Il y eut beaucoup d&rsquo;\u00e9motion en revoyant nombre d&rsquo;experts maintenant disparus Kanai Sensei,Sugano Sensei et bien s\u00fbr, Tamura Sensei, le pilier de ce stage.<\/p>\n<p><object width=\"425\" height=\"344\" data=\"https:\/\/www.youtube.com\/embed\/kL8vgdg6F_U\"><\/object><br \/>\n&nbsp;<\/p>\n<p>&nbsp;<\/p>\n","protected":false},"excerpt":{"rendered":"<p>40 \u00e8me anniversaire du stage international de Lesneven Lors de ce stage encadr\u00e9 par Yamada Sensei et Fukakusa Sensei, une d\u00e9monstration a \u00e9t\u00e9 organis\u00e9e au cours de laquelle les d\u00e9l\u00e9gations \u00e9trang\u00e8res et les pratiquants des diff\u00e9rentes ligues et C.I.D. de France ont pr\u00e9sent\u00e9 un temps de pratique. Sandrine et moi avons repr\u00e9sent\u00e9 la Franche-Comt\u00e9 avec [&hellip;]<\/p>\n","protected":false},"author":5,"featured_media":0,"comment_status":"closed","ping_status":"open","sticky":false,"template":"","format":"standard","meta":{"ngg_post_thumbnail":0,"footnotes":""},"categories":[12],"tags":[],"class_list":["post-4774","post","type-post","status-publish","format-standard","hentry","category-cat_actu"],"_links":{"self":[{"href":"http:\/\/www.aikidofranchecomte.fr\/index.php?rest_route=\/wp\/v2\/posts\/4774","targetHints":{"allow":["GET"]}}],"collection":[{"href":"http:\/\/www.aikidofranchecomte.fr\/index.php?rest_route=\/wp\/v2\/posts"}],"about":[{"href":"http:\/\/www.aikidofranchecomte.fr\/index.php?rest_route=\/wp\/v2\/types\/post"}],"author":[{"embeddable":true,"href":"http:\/\/www.aikidofranchecomte.fr\/index.php?rest_route=\/wp\/v2\/users\/5"}],"replies":[{"embeddable":true,"href":"http:\/\/www.aikidofranchecomte.fr\/index.php?rest_route=%2Fwp%2Fv2%2Fcomments&post=4774"}],"version-history":[{"count":17,"href":"http:\/\/www.aikidofranchecomte.fr\/index.php?rest_route=\/wp\/v2\/posts\/4774\/revisions"}],"predecessor-version":[{"id":4791,"href":"http:\/\/www.aikidofranchecomte.fr\/index.php?rest_route=\/wp\/v2\/posts\/4774\/revisions\/4791"}],"wp:attachment":[{"href":"http:\/\/www.aikidofranchecomte.fr\/index.php?rest_route=%2Fwp%2Fv2%2Fmedia&parent=4774"}],"wp:term":[{"taxonomy":"category","embeddable":true,"href":"http:\/\/www.aikidofranchecomte.fr\/index.php?rest_route=%2Fwp%2Fv2%2Fcategories&post=4774"},{"taxonomy":"post_tag","embeddable":true,"href":"http:\/\/www.aikidofranchecomte.fr\/index.php?rest_route=%2Fwp%2Fv2%2Ftags&post=4774"}],"curies":[{"name":"wp","href":"https:\/\/api.w.org\/{rel}","templated":true}]}}