{"id":4763,"date":"2018-07-06T14:30:52","date_gmt":"2018-07-06T13:30:52","guid":{"rendered":"http:\/\/www.aikidofranchecomte.fr\/?p=4763"},"modified":"2018-07-06T14:30:52","modified_gmt":"2018-07-06T13:30:52","slug":"le-plus-jeune-ceinture-noire-daikido-de-bourgogne-franche-comte-est-haut-jurassien","status":"publish","type":"post","link":"http:\/\/www.aikidofranchecomte.fr\/?p=4763","title":{"rendered":"Le plus jeune ceinture noire d\u2019A\u00efkido de Bourgogne Franche Comt\u00e9 est Haut Jurassien"},"content":{"rendered":"<p><img loading=\"lazy\" decoding=\"async\" src=\"http:\/\/www.aikidofranchecomte.fr\/wp-content\/uploads\/2018\/07\/100_9029-1024x768.jpg\" alt=\"\" title=\"Baptiste shodan\" width=\"627\" height=\"470\" class=\"aligncenter size-large wp-image-4765\" srcset=\"http:\/\/www.aikidofranchecomte.fr\/wp-content\/uploads\/2018\/07\/100_9029-1024x768.jpg 1024w, http:\/\/www.aikidofranchecomte.fr\/wp-content\/uploads\/2018\/07\/100_9029-300x225.jpg 300w\" sizes=\"auto, (max-width: 627px) 100vw, 627px\" \/> Baptiste Frig\u00e9rio a  brillamment pass\u00e9 l\u2019examen de ceinture noire, organis\u00e9 le 23 juin 2018 par la ligue Bourgogne Franche Comt\u00e9 d\u2019a\u00efkido.<\/p>\n<p> Pratiquant assidu il a commenc\u00e9 la pratique de l\u2019a\u00efkido  au Coll\u00e8ge Notre Dame de Morez \u00e0 11 ans, suivant en cela ses fr\u00e8res, Nathan et Valentin. En parall\u00e8le, il s&rsquo;est entra\u00een\u00e9 r\u00e9guli\u00e8rement au club de St Laurent en Grandvaux  et a particip\u00e9 \u00e0 de nombreux stages de formation r\u00e9gionaux et nationaux. <\/p>\n<p>Apr\u00e8s 5 ans de travail assidu  et guid\u00e9 par ses professeurs, Jean-Marc Chatin CN 4\u00e8me Dan et Christophe Mah\u00e9 CN  2\u00e8me Dan,  il a atteint le niveau de 1er Kyu (ceinture marron) l\u2019ann\u00e9e derni\u00e8re au sein du club.<\/p>\n<p>S\u2019en est suivi, cette saison, une pr\u00e9paration intensive coach\u00e9e par Fertane Sense\u00ef Ceinture Noire 5\u00e8me Dan, dans le cadre du\u00a0\u00ab\u00a0training sp\u00e9cial pr\u00e9paration aux grades dan\u00a0\u00bb , mis en place au sein du club  tous les vendredis soir.<\/p>\n<p>Ayant atteint l\u2019\u00e2ge minimum requis de 16 ans  en d\u00e9but de saison il a pu se pr\u00e9senter  \u00e0 l\u2019examen  annuel organis\u00e9 par la r\u00e9gion Bourgogne Franche Comt\u00e9 le 23 juin 2018.<\/p>\n<p>Son investissement a \u00e9t\u00e9  particuli\u00e8rement payant puisque, devant un jury compos\u00e9 de membre de l\u2019Union F\u00e9d\u00e9rale de L\u2019a\u00efkido  il a obtenu , brillamment, la ceinture noire, 1er dan, devenant ainsi le plus jeune laur\u00e9at de Bourgogne Franche Comt\u00e9.<\/p>\n<p>Encore bravo \u00e0 Baptiste, qui montre la voie \u00e0 tous les pratiquants d\u2019A\u00efkido, jeunes et moins jeunes.<br \/>\nJMC<\/p>\n","protected":false},"excerpt":{"rendered":"<p>Baptiste Frig\u00e9rio a brillamment pass\u00e9 l\u2019examen de ceinture noire, organis\u00e9 le 23 juin 2018 par la ligue Bourgogne Franche Comt\u00e9 d\u2019a\u00efkido. Pratiquant assidu il a commenc\u00e9 la pratique de l\u2019a\u00efkido au Coll\u00e8ge Notre Dame de Morez \u00e0 11 ans, suivant en cela ses fr\u00e8res, Nathan et Valentin. En parall\u00e8le, il s&rsquo;est entra\u00een\u00e9 r\u00e9guli\u00e8rement au club [&hellip;]<\/p>\n","protected":false},"author":3,"featured_media":0,"comment_status":"closed","ping_status":"open","sticky":false,"template":"","format":"standard","meta":{"ngg_post_thumbnail":0,"footnotes":""},"categories":[25],"tags":[],"class_list":["post-4763","post","type-post","status-publish","format-standard","hentry","category-cat_vie_clubs"],"_links":{"self":[{"href":"http:\/\/www.aikidofranchecomte.fr\/index.php?rest_route=\/wp\/v2\/posts\/4763","targetHints":{"allow":["GET"]}}],"collection":[{"href":"http:\/\/www.aikidofranchecomte.fr\/index.php?rest_route=\/wp\/v2\/posts"}],"about":[{"href":"http:\/\/www.aikidofranchecomte.fr\/index.php?rest_route=\/wp\/v2\/types\/post"}],"author":[{"embeddable":true,"href":"http:\/\/www.aikidofranchecomte.fr\/index.php?rest_route=\/wp\/v2\/users\/3"}],"replies":[{"embeddable":true,"href":"http:\/\/www.aikidofranchecomte.fr\/index.php?rest_route=%2Fwp%2Fv2%2Fcomments&post=4763"}],"version-history":[{"count":3,"href":"http:\/\/www.aikidofranchecomte.fr\/index.php?rest_route=\/wp\/v2\/posts\/4763\/revisions"}],"predecessor-version":[{"id":4767,"href":"http:\/\/www.aikidofranchecomte.fr\/index.php?rest_route=\/wp\/v2\/posts\/4763\/revisions\/4767"}],"wp:attachment":[{"href":"http:\/\/www.aikidofranchecomte.fr\/index.php?rest_route=%2Fwp%2Fv2%2Fmedia&parent=4763"}],"wp:term":[{"taxonomy":"category","embeddable":true,"href":"http:\/\/www.aikidofranchecomte.fr\/index.php?rest_route=%2Fwp%2Fv2%2Fcategories&post=4763"},{"taxonomy":"post_tag","embeddable":true,"href":"http:\/\/www.aikidofranchecomte.fr\/index.php?rest_route=%2Fwp%2Fv2%2Ftags&post=4763"}],"curies":[{"name":"wp","href":"https:\/\/api.w.org\/{rel}","templated":true}]}}