{"id":4427,"date":"2017-09-03T22:33:52","date_gmt":"2017-09-03T21:33:52","guid":{"rendered":"http:\/\/www.aikidofranchecomte.fr\/?p=4427"},"modified":"2017-09-03T22:34:13","modified_gmt":"2017-09-03T21:34:13","slug":"journees-portee-ouvertes-de-laikido-a-danjoutin","status":"publish","type":"post","link":"http:\/\/www.aikidofranchecomte.fr\/?p=4427","title":{"rendered":"Journ\u00e9es portee ouvertes de l&rsquo;Aikido \u00e0 DANJOUTIN"},"content":{"rendered":"<p>nos portes ouvertes ont lieu les samedi 2 et 9 septembre de 14h \u00e0 18h pour\u00a0 l\u2019A\u00efkido adultes et enfants.<\/p>\n<div><\/div>\n<div>Les samedis matin de 9h30 \u00e0 11h pour l\u2019A\u00efkita\u00efso.<\/div>\n<div><\/div>\n<div>Tous les renseignements sur<span style=\"color: #00ffff;\"><a href=\"http:\/\/etudeetpratiquedubudo.com\/\" target=\"_blank\"><span style=\"color: #00ffff;\"> http:\/\/etudeetpratiquedubudo.com\/<\/span><\/a><\/span><\/div>\n<div><\/div>\n","protected":false},"excerpt":{"rendered":"<p>nos portes ouvertes ont lieu les samedi 2 et 9 septembre de 14h \u00e0 18h pour\u00a0 l\u2019A\u00efkido adultes et enfants. Les samedis matin de 9h30 \u00e0 11h pour l\u2019A\u00efkita\u00efso. Tous les renseignements sur http:\/\/etudeetpratiquedubudo.com\/<\/p>\n","protected":false},"author":5,"featured_media":0,"comment_status":"closed","ping_status":"open","sticky":false,"template":"","format":"standard","meta":{"ngg_post_thumbnail":0,"footnotes":""},"categories":[12],"tags":[],"class_list":["post-4427","post","type-post","status-publish","format-standard","hentry","category-cat_actu"],"_links":{"self":[{"href":"http:\/\/www.aikidofranchecomte.fr\/index.php?rest_route=\/wp\/v2\/posts\/4427","targetHints":{"allow":["GET"]}}],"collection":[{"href":"http:\/\/www.aikidofranchecomte.fr\/index.php?rest_route=\/wp\/v2\/posts"}],"about":[{"href":"http:\/\/www.aikidofranchecomte.fr\/index.php?rest_route=\/wp\/v2\/types\/post"}],"author":[{"embeddable":true,"href":"http:\/\/www.aikidofranchecomte.fr\/index.php?rest_route=\/wp\/v2\/users\/5"}],"replies":[{"embeddable":true,"href":"http:\/\/www.aikidofranchecomte.fr\/index.php?rest_route=%2Fwp%2Fv2%2Fcomments&post=4427"}],"version-history":[{"count":3,"href":"http:\/\/www.aikidofranchecomte.fr\/index.php?rest_route=\/wp\/v2\/posts\/4427\/revisions"}],"predecessor-version":[{"id":4429,"href":"http:\/\/www.aikidofranchecomte.fr\/index.php?rest_route=\/wp\/v2\/posts\/4427\/revisions\/4429"}],"wp:attachment":[{"href":"http:\/\/www.aikidofranchecomte.fr\/index.php?rest_route=%2Fwp%2Fv2%2Fmedia&parent=4427"}],"wp:term":[{"taxonomy":"category","embeddable":true,"href":"http:\/\/www.aikidofranchecomte.fr\/index.php?rest_route=%2Fwp%2Fv2%2Fcategories&post=4427"},{"taxonomy":"post_tag","embeddable":true,"href":"http:\/\/www.aikidofranchecomte.fr\/index.php?rest_route=%2Fwp%2Fv2%2Ftags&post=4427"}],"curies":[{"name":"wp","href":"https:\/\/api.w.org\/{rel}","templated":true}]}}