{"id":4422,"date":"2017-08-31T16:47:59","date_gmt":"2017-08-31T15:47:59","guid":{"rendered":"http:\/\/www.aikidofranchecomte.fr\/?p=4422"},"modified":"2017-08-31T16:50:07","modified_gmt":"2017-08-31T15:50:07","slug":"8eme-journees-portes-ouvertes-de-laikido","status":"publish","type":"post","link":"http:\/\/www.aikidofranchecomte.fr\/?p=4422","title":{"rendered":"8\u00e8me Journ\u00e9es portes Ouvertes de l&rsquo;Aikido"},"content":{"rendered":"<div>Dans le cadre de la promotion des clubs et de notre discipline, notre f\u00e9d\u00e9ration invite ses clubs \u00e0 participer \u00e0 des journ\u00e9es nationales &#8211; Portes ouvertes de l&rsquo;Aikido &#8211; en septembre et en janvier de la saison 17\/18.<\/div>\n<div><\/div>\n<div><strong>Chaque club peut y participer en choisissant deux journ\u00e9es ( ou quatre demi-journ\u00e9es) sur la p\u00e9riode du 01 au 30 septembre 2017 et sur la p\u00e9riode du 01 au 31 janvier.<\/strong><\/div>\n<div><strong><br \/>\n<\/strong><\/div>\n<div><strong>Pendant ces journ\u00e9es, le pratiquant non licenci\u00e9 pourra s&rsquo;initier sans certificat m\u00e9dical.<\/strong><\/div>\n<div><strong><br \/>\n<\/strong><\/div>\n<div>Tous les clubs ont re\u00e7u les informations n\u00e9cessaires dans le courrier de juin.<\/div>\n<div><\/div>\n<div>J&rsquo;invite les clubs participant \u00e0 cette action \u00e0 signaler \u00e0 Kim (hoaan@free.fr) leurs demi-journ\u00e9es ou journ\u00e9es retenues de fa\u00e7on qu&rsquo;il puisse l&rsquo;indiquer sur le site de la ligue.\u00a0\u00bb<\/div>\n<div><\/div>\n","protected":false},"excerpt":{"rendered":"<p>Dans le cadre de la promotion des clubs et de notre discipline, notre f\u00e9d\u00e9ration invite ses clubs \u00e0 participer \u00e0 des journ\u00e9es nationales &#8211; Portes ouvertes de l&rsquo;Aikido &#8211; en septembre et en janvier de la saison 17\/18. Chaque club peut y participer en choisissant deux journ\u00e9es ( ou quatre demi-journ\u00e9es) sur la p\u00e9riode du [&hellip;]<\/p>\n","protected":false},"author":5,"featured_media":0,"comment_status":"closed","ping_status":"open","sticky":false,"template":"","format":"standard","meta":{"ngg_post_thumbnail":0,"footnotes":""},"categories":[12],"tags":[],"class_list":["post-4422","post","type-post","status-publish","format-standard","hentry","category-cat_actu"],"_links":{"self":[{"href":"http:\/\/www.aikidofranchecomte.fr\/index.php?rest_route=\/wp\/v2\/posts\/4422","targetHints":{"allow":["GET"]}}],"collection":[{"href":"http:\/\/www.aikidofranchecomte.fr\/index.php?rest_route=\/wp\/v2\/posts"}],"about":[{"href":"http:\/\/www.aikidofranchecomte.fr\/index.php?rest_route=\/wp\/v2\/types\/post"}],"author":[{"embeddable":true,"href":"http:\/\/www.aikidofranchecomte.fr\/index.php?rest_route=\/wp\/v2\/users\/5"}],"replies":[{"embeddable":true,"href":"http:\/\/www.aikidofranchecomte.fr\/index.php?rest_route=%2Fwp%2Fv2%2Fcomments&post=4422"}],"version-history":[{"count":4,"href":"http:\/\/www.aikidofranchecomte.fr\/index.php?rest_route=\/wp\/v2\/posts\/4422\/revisions"}],"predecessor-version":[{"id":4424,"href":"http:\/\/www.aikidofranchecomte.fr\/index.php?rest_route=\/wp\/v2\/posts\/4422\/revisions\/4424"}],"wp:attachment":[{"href":"http:\/\/www.aikidofranchecomte.fr\/index.php?rest_route=%2Fwp%2Fv2%2Fmedia&parent=4422"}],"wp:term":[{"taxonomy":"category","embeddable":true,"href":"http:\/\/www.aikidofranchecomte.fr\/index.php?rest_route=%2Fwp%2Fv2%2Fcategories&post=4422"},{"taxonomy":"post_tag","embeddable":true,"href":"http:\/\/www.aikidofranchecomte.fr\/index.php?rest_route=%2Fwp%2Fv2%2Ftags&post=4422"}],"curies":[{"name":"wp","href":"https:\/\/api.w.org\/{rel}","templated":true}]}}