{"id":4307,"date":"2017-04-26T17:14:42","date_gmt":"2017-04-26T16:14:42","guid":{"rendered":"http:\/\/www.aikidofranchecomte.fr\/?p=4307"},"modified":"2017-04-26T22:06:57","modified_gmt":"2017-04-26T21:06:57","slug":"jean-louis-galmes-nous-a-quitte","status":"publish","type":"post","link":"http:\/\/www.aikidofranchecomte.fr\/?p=4307","title":{"rendered":"Jean Louis GALMES nous a quitt\u00e9"},"content":{"rendered":"<p><a href=\"http:\/\/www.aikidofranchecomte.fr\/?attachment_id=4309\" rel=\"attachment wp-att-4309\"><img loading=\"lazy\" decoding=\"async\" class=\"alignleft size-medium wp-image-4309\" style=\"border: 5px solid black; margin: 5px;\" title=\"081431032338846439245\" src=\"http:\/\/www.aikidofranchecomte.fr\/wp-content\/uploads\/2017\/04\/081431032338846439245-300x200.jpg\" alt=\"\" width=\"300\" height=\"200\" srcset=\"http:\/\/www.aikidofranchecomte.fr\/wp-content\/uploads\/2017\/04\/081431032338846439245-300x200.jpg 300w, http:\/\/www.aikidofranchecomte.fr\/wp-content\/uploads\/2017\/04\/081431032338846439245.jpg 600w\" sizes=\"auto, (max-width: 300px) 100vw, 300px\" \/><\/a>Jean Louis GALMES nous a quitt\u00e9 ,\u00e0 59 ans,<br \/>\napr\u00e8s une longue maladie de plus de 3ans\u2026<br \/>\nJean Louis, cette \u00a0\u00ab\u00a0force de la nature\u00a0\u00bb, qui dans la maladie, a prolong\u00e9 les \u00e9ch\u00e9ances au-del\u00e0 de toutes les esp\u00e9rances parce que l\u2019on ne met pas \u00e0 terre si facilement ce \u00ab\u00a0colosse\u00a0\u00bb\u00a0!!<\/p>\n<p>Pour ceux qui l\u2019ont c\u00f4toy\u00e9 dans son dernier voyage, comment ne pas \u00eatre impressionn\u00e9 par sa force, sa s\u00e9r\u00e9nit\u00e9 face \u00e0 la maladie\u00a0!<br \/>\nA chaque visite, une le\u00e7on de vie\u00a0!!<br \/>\nA notre peine, \u00e0 notre incapacit\u00e9 \u00e0 trouver les mots, il r\u00e9pondait par un sourire\u2026<br \/>\nDe cette \u00e9preuve, il avait trouv\u00e9 la force, comme il le disait souvent\u00ab de mettre de l\u2019ordre dans sa vie et d\u2019\u00eatre en paix avec lui-m\u00eame\u2026\u00a0\u00bb<\/p>\n<p>La c\u00e9r\u00e9monie d\u2019Adieux du 21 Avril fut \u00e0 son image\u00a0:<br \/>\nT\u00e9moignages multiples, famille et amis, chants\u00a0 et m\u00eame histoires dr\u00f4les dont il \u00e9tait friand\u00a0!!<br \/>\nD\u00e9monstration d\u2019A\u00efkido demand\u00e9e par Myriam son \u00e9pouse, pour une activit\u00e9 qui avait occup\u00e9 30 ans de sa vie !!<br \/>\nD\u00e9monstration faite par Ma\u00ef, R\u00e9gis, jos\u00e9 et Alain, t\u00e9moignant chacun de souvenirs personnels\u2026<\/p>\n<p>Pas de place aux larmes, mais t\u00e9moignages d\u2019une \u00ab\u00a0Force de Vie\u00a0\u00bb au-del\u00e0 du commun.<br \/>\nExpressions de la Vie et de la G\u00e9n\u00e9rosit\u00e9 &#8230;en miroir d\u2019un HOMME exceptionnel\u00a0!!<br \/>\nComment te dire MERCI Jean Louis \u2026<\/p>\n<p>Sandrine<\/p>\n","protected":false},"excerpt":{"rendered":"<p>Jean Louis GALMES nous a quitt\u00e9 ,\u00e0 59 ans, apr\u00e8s une longue maladie de plus de 3ans\u2026 Jean Louis, cette \u00a0\u00ab\u00a0force de la nature\u00a0\u00bb, qui dans la maladie, a prolong\u00e9 les \u00e9ch\u00e9ances au-del\u00e0 de toutes les esp\u00e9rances parce que l\u2019on ne met pas \u00e0 terre si facilement ce \u00ab\u00a0colosse\u00a0\u00bb\u00a0!! Pour ceux qui l\u2019ont c\u00f4toy\u00e9 dans [&hellip;]<\/p>\n","protected":false},"author":5,"featured_media":0,"comment_status":"closed","ping_status":"open","sticky":false,"template":"","format":"standard","meta":{"ngg_post_thumbnail":0,"footnotes":""},"categories":[12,36],"tags":[],"class_list":["post-4307","post","type-post","status-publish","format-standard","hentry","category-cat_actu","category-archives-2017"],"_links":{"self":[{"href":"http:\/\/www.aikidofranchecomte.fr\/index.php?rest_route=\/wp\/v2\/posts\/4307","targetHints":{"allow":["GET"]}}],"collection":[{"href":"http:\/\/www.aikidofranchecomte.fr\/index.php?rest_route=\/wp\/v2\/posts"}],"about":[{"href":"http:\/\/www.aikidofranchecomte.fr\/index.php?rest_route=\/wp\/v2\/types\/post"}],"author":[{"embeddable":true,"href":"http:\/\/www.aikidofranchecomte.fr\/index.php?rest_route=\/wp\/v2\/users\/5"}],"replies":[{"embeddable":true,"href":"http:\/\/www.aikidofranchecomte.fr\/index.php?rest_route=%2Fwp%2Fv2%2Fcomments&post=4307"}],"version-history":[{"count":12,"href":"http:\/\/www.aikidofranchecomte.fr\/index.php?rest_route=\/wp\/v2\/posts\/4307\/revisions"}],"predecessor-version":[{"id":4320,"href":"http:\/\/www.aikidofranchecomte.fr\/index.php?rest_route=\/wp\/v2\/posts\/4307\/revisions\/4320"}],"wp:attachment":[{"href":"http:\/\/www.aikidofranchecomte.fr\/index.php?rest_route=%2Fwp%2Fv2%2Fmedia&parent=4307"}],"wp:term":[{"taxonomy":"category","embeddable":true,"href":"http:\/\/www.aikidofranchecomte.fr\/index.php?rest_route=%2Fwp%2Fv2%2Fcategories&post=4307"},{"taxonomy":"post_tag","embeddable":true,"href":"http:\/\/www.aikidofranchecomte.fr\/index.php?rest_route=%2Fwp%2Fv2%2Ftags&post=4307"}],"curies":[{"name":"wp","href":"https:\/\/api.w.org\/{rel}","templated":true}]}}