{"id":4213,"date":"2017-03-08T13:05:43","date_gmt":"2017-03-08T12:05:43","guid":{"rendered":"http:\/\/www.aikidofranchecomte.fr\/?p=4213"},"modified":"2017-03-08T13:06:34","modified_gmt":"2017-03-08T12:06:34","slug":"4213","status":"publish","type":"post","link":"http:\/\/www.aikidofranchecomte.fr\/?p=4213","title":{"rendered":"R\u00e9union du comit\u00e9 directeur \u00e0 Danjoutin"},"content":{"rendered":"<p>&nbsp;<\/p>\n<p><a href=\"http:\/\/www.aikidofranchecomte.fr\/?attachment_id=4214\" rel=\"attachment wp-att-4214\"><img loading=\"lazy\" decoding=\"async\" class=\"alignleft size-medium wp-image-4214\" style=\"border: 5px solid black; margin: 5px;\" title=\"CD1\" src=\"http:\/\/www.aikidofranchecomte.fr\/wp-content\/uploads\/2017\/03\/CD1-300x225.jpg\" alt=\"\" width=\"300\" height=\"225\" srcset=\"http:\/\/www.aikidofranchecomte.fr\/wp-content\/uploads\/2017\/03\/CD1-300x225.jpg 300w, http:\/\/www.aikidofranchecomte.fr\/wp-content\/uploads\/2017\/03\/CD1-1024x768.jpg 1024w\" sizes=\"auto, (max-width: 300px) 100vw, 300px\" \/><\/a>Le comit\u00e9 directeur de la ligue s\u2019est r\u00e9uni le 19 f\u00e9vrier \u00e0 Danjoutin apr\u00e8s le stage de pr\u00e9paration 1<sup>er<\/sup> et 2<sup>\u00e8me<\/sup> dan.<\/p>\n<p>Certes, la pratique est essentielle pour nous licenci\u00e9s de la FFAB, n\u00e9anmoins \u00a0des r\u00e9unions de travail sont n\u00e9cessaires pour le bon fonctionnement de la ligue.<\/p>\n<p>L\u2019assembl\u00e9e g\u00e9n\u00e9rale annuelle d\u00e9finit et oriente la politique de la ligue,\u00a0 le comit\u00e9 directeur\u00a0 a la charge de la mettre en \u0153uvre durant l\u2019olympiade.<\/p>\n<p>Pour cela, il se r\u00e9unit deux fois dans la saison -en f\u00e9vrier et en juin. C\u2019est l\u2019organe d\u00e9cisionnel de la ligue. Il prend des d\u00e9cisions et fait des choix de fa\u00e7on coll\u00e9giale et d\u00e9mocratique.<\/p>\n<p>Apr\u00e8s chaque r\u00e9union, un compte-rendu d\u00e9taill\u00e9 est r\u00e9dig\u00e9 et adress\u00e9 \u00e0 tous les pr\u00e9sidents des\u00a0 clubs de la ligue ainsi qu\u2019aux membres du comit\u00e9 directeur.<a href=\"http:\/\/www.aikidofranchecomte.fr\/?attachment_id=4215\" rel=\"attachment wp-att-4215\"><img loading=\"lazy\" decoding=\"async\" class=\"alignright size-medium wp-image-4215\" style=\"border: 5px solid black; margin: 5px;\" title=\"CD2\" src=\"http:\/\/www.aikidofranchecomte.fr\/wp-content\/uploads\/2017\/03\/CD2-300x225.jpg\" alt=\"\" width=\"300\" height=\"225\" srcset=\"http:\/\/www.aikidofranchecomte.fr\/wp-content\/uploads\/2017\/03\/CD2-300x225.jpg 300w, http:\/\/www.aikidofranchecomte.fr\/wp-content\/uploads\/2017\/03\/CD2-1024x768.jpg 1024w\" sizes=\"auto, (max-width: 300px) 100vw, 300px\" \/><\/a><\/p>\n<p>Je les remercie tous pour leur investissement et leur dynamisme\u00a0 \u00e0 faire vivre la ligue de Franche-Comt\u00e9.<\/p>\n<p>J.P.M.<\/p>\n","protected":false},"excerpt":{"rendered":"<p>&nbsp; Le comit\u00e9 directeur de la ligue s\u2019est r\u00e9uni le 19 f\u00e9vrier \u00e0 Danjoutin apr\u00e8s le stage de pr\u00e9paration 1er et 2\u00e8me dan. Certes, la pratique est essentielle pour nous licenci\u00e9s de la FFAB, n\u00e9anmoins \u00a0des r\u00e9unions de travail sont n\u00e9cessaires pour le bon fonctionnement de la ligue. L\u2019assembl\u00e9e g\u00e9n\u00e9rale annuelle d\u00e9finit et oriente la [&hellip;]<\/p>\n","protected":false},"author":5,"featured_media":0,"comment_status":"closed","ping_status":"open","sticky":false,"template":"","format":"standard","meta":{"ngg_post_thumbnail":0,"footnotes":""},"categories":[12],"tags":[],"class_list":["post-4213","post","type-post","status-publish","format-standard","hentry","category-cat_actu"],"_links":{"self":[{"href":"http:\/\/www.aikidofranchecomte.fr\/index.php?rest_route=\/wp\/v2\/posts\/4213","targetHints":{"allow":["GET"]}}],"collection":[{"href":"http:\/\/www.aikidofranchecomte.fr\/index.php?rest_route=\/wp\/v2\/posts"}],"about":[{"href":"http:\/\/www.aikidofranchecomte.fr\/index.php?rest_route=\/wp\/v2\/types\/post"}],"author":[{"embeddable":true,"href":"http:\/\/www.aikidofranchecomte.fr\/index.php?rest_route=\/wp\/v2\/users\/5"}],"replies":[{"embeddable":true,"href":"http:\/\/www.aikidofranchecomte.fr\/index.php?rest_route=%2Fwp%2Fv2%2Fcomments&post=4213"}],"version-history":[{"count":3,"href":"http:\/\/www.aikidofranchecomte.fr\/index.php?rest_route=\/wp\/v2\/posts\/4213\/revisions"}],"predecessor-version":[{"id":4218,"href":"http:\/\/www.aikidofranchecomte.fr\/index.php?rest_route=\/wp\/v2\/posts\/4213\/revisions\/4218"}],"wp:attachment":[{"href":"http:\/\/www.aikidofranchecomte.fr\/index.php?rest_route=%2Fwp%2Fv2%2Fmedia&parent=4213"}],"wp:term":[{"taxonomy":"category","embeddable":true,"href":"http:\/\/www.aikidofranchecomte.fr\/index.php?rest_route=%2Fwp%2Fv2%2Fcategories&post=4213"},{"taxonomy":"post_tag","embeddable":true,"href":"http:\/\/www.aikidofranchecomte.fr\/index.php?rest_route=%2Fwp%2Fv2%2Ftags&post=4213"}],"curies":[{"name":"wp","href":"https:\/\/api.w.org\/{rel}","templated":true}]}}