{"id":4130,"date":"2017-01-30T23:07:40","date_gmt":"2017-01-30T22:07:40","guid":{"rendered":"http:\/\/www.aikidofranchecomte.fr\/?p=4130"},"modified":"2017-01-30T23:08:59","modified_gmt":"2017-01-30T22:08:59","slug":"compte-rendu-du-stage-enfants-du-28012017","status":"publish","type":"post","link":"http:\/\/www.aikidofranchecomte.fr\/?p=4130","title":{"rendered":"Compte-rendu du stage enfants du 28\/01\/2017"},"content":{"rendered":"<div>\n<p><a href=\"http:\/\/www.aikidofranchecomte.fr\/?attachment_id=4131\" rel=\"attachment wp-att-4131\"><img loading=\"lazy\" decoding=\"async\" class=\"alignleft size-large wp-image-4131\" title=\"DSCF4259\" src=\"http:\/\/www.aikidofranchecomte.fr\/wp-content\/uploads\/2017\/01\/DSCF4259-1024x457.jpg\" alt=\"\" width=\"627\" height=\"279\" srcset=\"http:\/\/www.aikidofranchecomte.fr\/wp-content\/uploads\/2017\/01\/DSCF4259-1024x457.jpg 1024w, http:\/\/www.aikidofranchecomte.fr\/wp-content\/uploads\/2017\/01\/DSCF4259-300x134.jpg 300w\" sizes=\"auto, (max-width: 627px) 100vw, 627px\" \/><\/a><\/p>\n<p>Le 2\u00e8me stage enfants dirig\u00e9 par Bruno Manzinalli et Didier Capo\u00a0 a accueilli vingt trois\u00a0 jeunes participants et quatre accompagnateurs venant des clubs d\u2019Aikido voisins (Belfort, Giromagny, Danjoutin, Audincourt, Valentigney).<\/p>\n<p>Didier a anim\u00e9 la premi\u00e8re partie du stage par des \u00e9chauffements au sol puis d\u00e9placements et a d\u00e9compos\u00e9 diff\u00e9rentes techniques (shiho-nage, irimi-nage, tenchi-nage).<\/p>\n<p>Apr\u00e8s une petite pause, Bruno a anim\u00e9 la deuxi\u00e8me partie avec des roulades avant et arri\u00e8re suivies de chutes ma\u00eetris\u00e9es avant arri\u00e8re tout ceci dans une bonne ambiance.<\/p>\n<p>La fin du stage a \u00e9t\u00e9 cl\u00f4tur\u00e9e par un go\u00fbter offert par la section Aikido de Valentigney. Les enfants ont \u00e9t\u00e9 ravis de cet \u00e9change.<\/p>\n<p><strong>Le prochain stage sera le 29\/04\/2017 \u00e0 St Laurent en Grandvaux. Il sera encadr\u00e9 par Mai Aubry et Sav\u00e9rio Piccolo.<br \/>\n<\/strong><\/p>\n<\/div>\n<p>Pascal Weickert<\/p>\n<p><a href=\"http:\/\/www.aikidofranchecomte.fr\/?attachment_id=4132\" rel=\"attachment wp-att-4132\"><img loading=\"lazy\" decoding=\"async\" class=\"alignleft size-large wp-image-4132\" title=\"stage enfants\" src=\"http:\/\/www.aikidofranchecomte.fr\/wp-content\/uploads\/2017\/01\/stage-enfants-1024x872.jpg\" alt=\"\" width=\"627\" height=\"533\" srcset=\"http:\/\/www.aikidofranchecomte.fr\/wp-content\/uploads\/2017\/01\/stage-enfants-1024x872.jpg 1024w, http:\/\/www.aikidofranchecomte.fr\/wp-content\/uploads\/2017\/01\/stage-enfants-300x255.jpg 300w, http:\/\/www.aikidofranchecomte.fr\/wp-content\/uploads\/2017\/01\/stage-enfants.jpg 1608w\" sizes=\"auto, (max-width: 627px) 100vw, 627px\" \/><\/a><\/p>\n","protected":false},"excerpt":{"rendered":"<p>Le 2\u00e8me stage enfants dirig\u00e9 par Bruno Manzinalli et Didier Capo\u00a0 a accueilli vingt trois\u00a0 jeunes participants et quatre accompagnateurs venant des clubs d\u2019Aikido voisins (Belfort, Giromagny, Danjoutin, Audincourt, Valentigney). Didier a anim\u00e9 la premi\u00e8re partie du stage par des \u00e9chauffements au sol puis d\u00e9placements et a d\u00e9compos\u00e9 diff\u00e9rentes techniques (shiho-nage, irimi-nage, tenchi-nage). Apr\u00e8s une [&hellip;]<\/p>\n","protected":false},"author":5,"featured_media":0,"comment_status":"closed","ping_status":"open","sticky":false,"template":"","format":"standard","meta":{"ngg_post_thumbnail":0,"footnotes":""},"categories":[12,36],"tags":[],"class_list":["post-4130","post","type-post","status-publish","format-standard","hentry","category-cat_actu","category-archives-2017"],"_links":{"self":[{"href":"http:\/\/www.aikidofranchecomte.fr\/index.php?rest_route=\/wp\/v2\/posts\/4130","targetHints":{"allow":["GET"]}}],"collection":[{"href":"http:\/\/www.aikidofranchecomte.fr\/index.php?rest_route=\/wp\/v2\/posts"}],"about":[{"href":"http:\/\/www.aikidofranchecomte.fr\/index.php?rest_route=\/wp\/v2\/types\/post"}],"author":[{"embeddable":true,"href":"http:\/\/www.aikidofranchecomte.fr\/index.php?rest_route=\/wp\/v2\/users\/5"}],"replies":[{"embeddable":true,"href":"http:\/\/www.aikidofranchecomte.fr\/index.php?rest_route=%2Fwp%2Fv2%2Fcomments&post=4130"}],"version-history":[{"count":4,"href":"http:\/\/www.aikidofranchecomte.fr\/index.php?rest_route=\/wp\/v2\/posts\/4130\/revisions"}],"predecessor-version":[{"id":4135,"href":"http:\/\/www.aikidofranchecomte.fr\/index.php?rest_route=\/wp\/v2\/posts\/4130\/revisions\/4135"}],"wp:attachment":[{"href":"http:\/\/www.aikidofranchecomte.fr\/index.php?rest_route=%2Fwp%2Fv2%2Fmedia&parent=4130"}],"wp:term":[{"taxonomy":"category","embeddable":true,"href":"http:\/\/www.aikidofranchecomte.fr\/index.php?rest_route=%2Fwp%2Fv2%2Fcategories&post=4130"},{"taxonomy":"post_tag","embeddable":true,"href":"http:\/\/www.aikidofranchecomte.fr\/index.php?rest_route=%2Fwp%2Fv2%2Ftags&post=4130"}],"curies":[{"name":"wp","href":"https:\/\/api.w.org\/{rel}","templated":true}]}}