{"id":4119,"date":"2017-01-19T23:15:35","date_gmt":"2017-01-19T22:15:35","guid":{"rendered":"http:\/\/www.aikidofranchecomte.fr\/?p=4119"},"modified":"2017-01-19T23:18:57","modified_gmt":"2017-01-19T22:18:57","slug":"compte-rendu-du-stage-ghaan-aikikai-de-france","status":"publish","type":"post","link":"http:\/\/www.aikidofranchecomte.fr\/?p=4119","title":{"rendered":"Compte-rendu du stage GHAAN &#8211; AIKIKAI DE FRANCE"},"content":{"rendered":"<p><span style=\"text-decoration: underline;\">\u00a0<a href=\"http:\/\/www.aikidofranchecomte.fr\/?attachment_id=4120\" rel=\"attachment wp-att-4120\"><img loading=\"lazy\" decoding=\"async\" class=\"alignleft size-large wp-image-4120\" title=\"DSCN4610\" src=\"http:\/\/www.aikidofranchecomte.fr\/wp-content\/uploads\/2017\/01\/DSCN4610-1024x768.jpg\" alt=\"\" width=\"627\" height=\"470\" srcset=\"http:\/\/www.aikidofranchecomte.fr\/wp-content\/uploads\/2017\/01\/DSCN4610-1024x768.jpg 1024w, http:\/\/www.aikidofranchecomte.fr\/wp-content\/uploads\/2017\/01\/DSCN4610-300x225.jpg 300w\" sizes=\"auto, (max-width: 627px) 100vw, 627px\" \/><\/a><\/span><\/p>\n<p>Malgr\u00e9 les intemp\u00e9ries, les bourrasques de neige, quarante aikidokas ont suivi le stage d&rsquo; Audincourt.<\/p>\n<p>Sept clubs de la ligue ont particip\u00e9 \u00e0 ce temps de travail, notamment ceux de Luxeuil en Haute-Sa\u00f4ne et de Pontarlier. Je les remercie pour leur participation en d\u00e9pit d&rsquo;un temps de d\u00e9placement particuli\u00e8rement long et difficile du fait de conditions m\u00e9t\u00e9orologiques.<\/p>\n<p>Les deux intervenants ont soulign\u00e9 tout au long du week-end le lien entre les armes et le travail \u00e0 mains nues, \u00e0 partir de la coupe au ken et de la pique au jo.<\/p>\n<p>Ils ont rappel\u00e9 que l&rsquo;aikido est d&rsquo;abord un art martial dans lequel les fondations shisei et kokyu sont pr\u00e9\u00e9minentes ce qui n&rsquo;exclut pas un travail de recherche sur la disponibilit\u00e9 et la souplesse.<\/p>\n<p>J.P.M<\/p>\n<p><a href=\"http:\/\/www.aikidofranchecomte.fr\/?attachment_id=4123\" rel=\"attachment wp-att-4123\"><img loading=\"lazy\" decoding=\"async\" class=\"alignright size-large wp-image-4123\" title=\"DSCN4605\" src=\"http:\/\/www.aikidofranchecomte.fr\/wp-content\/uploads\/2017\/01\/DSCN4605-1024x768.jpg\" alt=\"\" width=\"627\" height=\"470\" srcset=\"http:\/\/www.aikidofranchecomte.fr\/wp-content\/uploads\/2017\/01\/DSCN4605-1024x768.jpg 1024w, http:\/\/www.aikidofranchecomte.fr\/wp-content\/uploads\/2017\/01\/DSCN4605-300x225.jpg 300w\" sizes=\"auto, (max-width: 627px) 100vw, 627px\" \/><\/a><a href=\"http:\/\/www.aikidofranchecomte.fr\/?attachment_id=4122\" rel=\"attachment wp-att-4122\"><img loading=\"lazy\" decoding=\"async\" class=\"alignleft size-large wp-image-4122\" title=\"DSCN4607\" src=\"http:\/\/www.aikidofranchecomte.fr\/wp-content\/uploads\/2017\/01\/DSCN4607-1024x768.jpg\" alt=\"\" width=\"627\" height=\"470\" srcset=\"http:\/\/www.aikidofranchecomte.fr\/wp-content\/uploads\/2017\/01\/DSCN4607-1024x768.jpg 1024w, http:\/\/www.aikidofranchecomte.fr\/wp-content\/uploads\/2017\/01\/DSCN4607-300x225.jpg 300w\" sizes=\"auto, (max-width: 627px) 100vw, 627px\" \/><\/a><a href=\"http:\/\/www.aikidofranchecomte.fr\/?attachment_id=4121\" rel=\"attachment wp-att-4121\"><img loading=\"lazy\" decoding=\"async\" class=\"alignleft size-large wp-image-4121\" title=\"DSCN4596\" src=\"http:\/\/www.aikidofranchecomte.fr\/wp-content\/uploads\/2017\/01\/DSCN4596-1024x768.jpg\" alt=\"\" width=\"627\" height=\"470\" srcset=\"http:\/\/www.aikidofranchecomte.fr\/wp-content\/uploads\/2017\/01\/DSCN4596-1024x768.jpg 1024w, http:\/\/www.aikidofranchecomte.fr\/wp-content\/uploads\/2017\/01\/DSCN4596-300x225.jpg 300w\" sizes=\"auto, (max-width: 627px) 100vw, 627px\" \/><\/a><\/p>\n","protected":false},"excerpt":{"rendered":"<p>\u00a0 Malgr\u00e9 les intemp\u00e9ries, les bourrasques de neige, quarante aikidokas ont suivi le stage d&rsquo; Audincourt. Sept clubs de la ligue ont particip\u00e9 \u00e0 ce temps de travail, notamment ceux de Luxeuil en Haute-Sa\u00f4ne et de Pontarlier. Je les remercie pour leur participation en d\u00e9pit d&rsquo;un temps de d\u00e9placement particuli\u00e8rement long et difficile du fait [&hellip;]<\/p>\n","protected":false},"author":5,"featured_media":0,"comment_status":"closed","ping_status":"open","sticky":false,"template":"","format":"standard","meta":{"ngg_post_thumbnail":0,"footnotes":""},"categories":[12,36],"tags":[],"class_list":["post-4119","post","type-post","status-publish","format-standard","hentry","category-cat_actu","category-archives-2017"],"_links":{"self":[{"href":"http:\/\/www.aikidofranchecomte.fr\/index.php?rest_route=\/wp\/v2\/posts\/4119","targetHints":{"allow":["GET"]}}],"collection":[{"href":"http:\/\/www.aikidofranchecomte.fr\/index.php?rest_route=\/wp\/v2\/posts"}],"about":[{"href":"http:\/\/www.aikidofranchecomte.fr\/index.php?rest_route=\/wp\/v2\/types\/post"}],"author":[{"embeddable":true,"href":"http:\/\/www.aikidofranchecomte.fr\/index.php?rest_route=\/wp\/v2\/users\/5"}],"replies":[{"embeddable":true,"href":"http:\/\/www.aikidofranchecomte.fr\/index.php?rest_route=%2Fwp%2Fv2%2Fcomments&post=4119"}],"version-history":[{"count":4,"href":"http:\/\/www.aikidofranchecomte.fr\/index.php?rest_route=\/wp\/v2\/posts\/4119\/revisions"}],"predecessor-version":[{"id":4127,"href":"http:\/\/www.aikidofranchecomte.fr\/index.php?rest_route=\/wp\/v2\/posts\/4119\/revisions\/4127"}],"wp:attachment":[{"href":"http:\/\/www.aikidofranchecomte.fr\/index.php?rest_route=%2Fwp%2Fv2%2Fmedia&parent=4119"}],"wp:term":[{"taxonomy":"category","embeddable":true,"href":"http:\/\/www.aikidofranchecomte.fr\/index.php?rest_route=%2Fwp%2Fv2%2Fcategories&post=4119"},{"taxonomy":"post_tag","embeddable":true,"href":"http:\/\/www.aikidofranchecomte.fr\/index.php?rest_route=%2Fwp%2Fv2%2Ftags&post=4119"}],"curies":[{"name":"wp","href":"https:\/\/api.w.org\/{rel}","templated":true}]}}