{"id":4108,"date":"2017-01-09T12:32:57","date_gmt":"2017-01-09T11:32:57","guid":{"rendered":"http:\/\/www.aikidofranchecomte.fr\/?p=4108"},"modified":"2017-01-09T12:32:57","modified_gmt":"2017-01-09T11:32:57","slug":"4-5-fevrier-stage-prive-avec-mickael-martin-a-danjoutin","status":"publish","type":"post","link":"http:\/\/www.aikidofranchecomte.fr\/?p=4108","title":{"rendered":"4-5 f\u00e9vrier  stage priv\u00e9 avec Mickael MARTIN \u00e0 DANJOUTIN"},"content":{"rendered":"<p><a href=\"http:\/\/www.aikidofranchecomte.fr\/?attachment_id=4109\" rel=\"attachment wp-att-4109\"><img loading=\"lazy\" decoding=\"async\" class=\"alignleft size-full wp-image-4109\" title=\"Affiche Stage Mickael Martin DANJOUTIN2017\" src=\"http:\/\/www.aikidofranchecomte.fr\/wp-content\/uploads\/2017\/01\/Affiche-Stage-Mickael-Martin-DANJOUTIN2017.jpg\" alt=\"\" width=\"620\" height=\"877\" srcset=\"http:\/\/www.aikidofranchecomte.fr\/wp-content\/uploads\/2017\/01\/Affiche-Stage-Mickael-Martin-DANJOUTIN2017.jpg 620w, http:\/\/www.aikidofranchecomte.fr\/wp-content\/uploads\/2017\/01\/Affiche-Stage-Mickael-Martin-DANJOUTIN2017-212x300.jpg 212w\" sizes=\"auto, (max-width: 620px) 100vw, 620px\" \/><\/a><\/p>\n","protected":false},"excerpt":{"rendered":"","protected":false},"author":5,"featured_media":0,"comment_status":"closed","ping_status":"open","sticky":false,"template":"","format":"standard","meta":{"ngg_post_thumbnail":0,"footnotes":""},"categories":[27],"tags":[],"class_list":["post-4108","post","type-post","status-publish","format-standard","hentry","category-cat_inf_stages_prives"],"_links":{"self":[{"href":"http:\/\/www.aikidofranchecomte.fr\/index.php?rest_route=\/wp\/v2\/posts\/4108","targetHints":{"allow":["GET"]}}],"collection":[{"href":"http:\/\/www.aikidofranchecomte.fr\/index.php?rest_route=\/wp\/v2\/posts"}],"about":[{"href":"http:\/\/www.aikidofranchecomte.fr\/index.php?rest_route=\/wp\/v2\/types\/post"}],"author":[{"embeddable":true,"href":"http:\/\/www.aikidofranchecomte.fr\/index.php?rest_route=\/wp\/v2\/users\/5"}],"replies":[{"embeddable":true,"href":"http:\/\/www.aikidofranchecomte.fr\/index.php?rest_route=%2Fwp%2Fv2%2Fcomments&post=4108"}],"version-history":[{"count":2,"href":"http:\/\/www.aikidofranchecomte.fr\/index.php?rest_route=\/wp\/v2\/posts\/4108\/revisions"}],"predecessor-version":[{"id":4111,"href":"http:\/\/www.aikidofranchecomte.fr\/index.php?rest_route=\/wp\/v2\/posts\/4108\/revisions\/4111"}],"wp:attachment":[{"href":"http:\/\/www.aikidofranchecomte.fr\/index.php?rest_route=%2Fwp%2Fv2%2Fmedia&parent=4108"}],"wp:term":[{"taxonomy":"category","embeddable":true,"href":"http:\/\/www.aikidofranchecomte.fr\/index.php?rest_route=%2Fwp%2Fv2%2Fcategories&post=4108"},{"taxonomy":"post_tag","embeddable":true,"href":"http:\/\/www.aikidofranchecomte.fr\/index.php?rest_route=%2Fwp%2Fv2%2Ftags&post=4108"}],"curies":[{"name":"wp","href":"https:\/\/api.w.org\/{rel}","templated":true}]}}