{"id":2917,"date":"2015-03-17T12:35:40","date_gmt":"2015-03-17T11:35:40","guid":{"rendered":"http:\/\/www.aikidofranchecomte.fr\/?p=2917"},"modified":"2016-10-02T18:00:01","modified_gmt":"2016-10-02T17:00:01","slug":"stage-dantoine-soares-a-saint-vit-les-14-et-15-mars","status":"publish","type":"post","link":"http:\/\/www.aikidofranchecomte.fr\/?p=2917","title":{"rendered":"STAGE D\u2019ANTOINE SOARES A SAINT-VIT LES 14 ET 15 MARS"},"content":{"rendered":"<p><a href=\"http:\/\/www.aikidofranchecomte.fr\/wp-content\/uploads\/2015\/03\/Image11.gif\"><img loading=\"lazy\" decoding=\"async\" class=\"alignleft size-medium wp-image-2918\" title=\"Image1\" src=\"http:\/\/www.aikidofranchecomte.fr\/wp-content\/uploads\/2015\/03\/Image11-300x269.gif\" alt=\"\" width=\"300\" height=\"269\" srcset=\"http:\/\/www.aikidofranchecomte.fr\/wp-content\/uploads\/2015\/03\/Image11-300x269.gif 300w, http:\/\/www.aikidofranchecomte.fr\/wp-content\/uploads\/2015\/03\/Image11-1024x920.gif 1024w, http:\/\/www.aikidofranchecomte.fr\/wp-content\/uploads\/2015\/03\/Image11.gif 1701w\" sizes=\"auto, (max-width: 300px) 100vw, 300px\" \/><\/a><\/p>\n<p>&nbsp;<\/p>\n<p>Cinquante pratiquants ont suivi l\u2019enseignement d\u2019Antoine durant ce week-end, neuf clubs de la ligue \u00e9taient repr\u00e9sent\u00e9s ce dont je me f\u00e9licite.<\/p>\n<p>Antoine a pris en compte avec aisance le public tr\u00e8s h\u00e9t\u00e9rog\u00e8ne qu\u2019il avait devant lui, un bon nombre de pratiquants \u00e9tait en effet dans leur premi\u00e8re ann\u00e9e de pratique.<\/p>\n<p>Comme d\u2019habitude, il a pr\u00e9sent\u00e9 un aikido alliant finesse, pr\u00e9cision et rigueur. Mais il a veill\u00e9 \u00e0 ce que chaque pratiquant progresse et comprenne\u00a0 ce qu\u2019il voulait transmettre.<\/p>\n<p>Samedi apr\u00e8s-midi, \u00e0 la demande du groupe, il a travaill\u00e9 USHIRO WAZA puis le JO.<\/p>\n<p><a href=\"http:\/\/www.aikidofranchecomte.fr\/wp-content\/uploads\/2015\/03\/Image22.gif\"><img loading=\"lazy\" decoding=\"async\" class=\"alignright size-medium wp-image-2920\" title=\"Image2\" src=\"http:\/\/www.aikidofranchecomte.fr\/wp-content\/uploads\/2015\/03\/Image22-234x300.gif\" alt=\"\" width=\"234\" height=\"300\" srcset=\"http:\/\/www.aikidofranchecomte.fr\/wp-content\/uploads\/2015\/03\/Image22-234x300.gif 234w, http:\/\/www.aikidofranchecomte.fr\/wp-content\/uploads\/2015\/03\/Image22-798x1024.gif 798w, http:\/\/www.aikidofranchecomte.fr\/wp-content\/uploads\/2015\/03\/Image22.gif 1181w\" sizes=\"auto, (max-width: 234px) 100vw, 234px\" \/><\/a><\/p>\n<p>Un pot a \u00e9t\u00e9 offert par la ligue \u00e0 l\u2019issue du cours du samedi.<\/p>\n<p>Dimanche, toute la matin\u00e9e a \u00e9t\u00e9 consacr\u00e9e au travail du ken. Il a pris le temps de retravailler les coupes, puis TSUKI avant de passer \u00e0 un travail \u00e0 deux ken. Il a insist\u00e9 sur le fait qu\u2019il ne s\u2019agit pas d\u2019effectuer des katas comme on serait tent\u00e9 de le faire.<\/p>\n<p>Un cadeau typiquement jurassien a \u00e9t\u00e9 offert \u00e0 Antoine \u00e0 la fin du stage. En effet, il termine avec ce week-end\u00a0 sa mission f\u00e9d\u00e9rale de deux saisons en Franche-Comt\u00e9. Il a \u00e9t\u00e9 vivement remerci\u00e9 pour ses deux ans de travail \u00e0 nos c\u00f4t\u00e9s et pour tout ce qu\u2019il a apport\u00e9. Il a su transmettre un\u00a0 aikido exigeant\u00a0 ceci gr\u00e2ce \u00e0 la g\u00e9n\u00e9rosit\u00e9 dont il sait faire preuve dans son enseignement.<\/p>\n<p>J.P.M.<\/p>\n<p><a href=\"http:\/\/www.aikidofranchecomte.fr\/wp-content\/uploads\/2015\/03\/Image32.gif\"><img loading=\"lazy\" decoding=\"async\" class=\"aligncenter size-full wp-image-2927\" title=\"Image3\" src=\"http:\/\/www.aikidofranchecomte.fr\/wp-content\/uploads\/2015\/03\/Image32.gif\" alt=\"\" width=\"1134\" height=\"1479\" srcset=\"http:\/\/www.aikidofranchecomte.fr\/wp-content\/uploads\/2015\/03\/Image32.gif 1134w, http:\/\/www.aikidofranchecomte.fr\/wp-content\/uploads\/2015\/03\/Image32-230x300.gif 230w, http:\/\/www.aikidofranchecomte.fr\/wp-content\/uploads\/2015\/03\/Image32-785x1024.gif 785w\" sizes=\"auto, (max-width: 1134px) 100vw, 1134px\" \/><\/a><\/p>\n<p align=\"center\"><span style=\"text-decoration: underline;\">\u00a0<\/span><\/p>\n","protected":false},"excerpt":{"rendered":"<p>&nbsp; Cinquante pratiquants ont suivi l\u2019enseignement d\u2019Antoine durant ce week-end, neuf clubs de la ligue \u00e9taient repr\u00e9sent\u00e9s ce dont je me f\u00e9licite. Antoine a pris en compte avec aisance le public tr\u00e8s h\u00e9t\u00e9rog\u00e8ne qu\u2019il avait devant lui, un bon nombre de pratiquants \u00e9tait en effet dans leur premi\u00e8re ann\u00e9e de pratique. Comme d\u2019habitude, il a [&hellip;]<\/p>\n","protected":false},"author":5,"featured_media":0,"comment_status":"closed","ping_status":"open","sticky":false,"template":"","format":"standard","meta":{"ngg_post_thumbnail":0,"footnotes":""},"categories":[34],"tags":[],"class_list":["post-2917","post","type-post","status-publish","format-standard","hentry","category-archives-2015"],"_links":{"self":[{"href":"http:\/\/www.aikidofranchecomte.fr\/index.php?rest_route=\/wp\/v2\/posts\/2917","targetHints":{"allow":["GET"]}}],"collection":[{"href":"http:\/\/www.aikidofranchecomte.fr\/index.php?rest_route=\/wp\/v2\/posts"}],"about":[{"href":"http:\/\/www.aikidofranchecomte.fr\/index.php?rest_route=\/wp\/v2\/types\/post"}],"author":[{"embeddable":true,"href":"http:\/\/www.aikidofranchecomte.fr\/index.php?rest_route=\/wp\/v2\/users\/5"}],"replies":[{"embeddable":true,"href":"http:\/\/www.aikidofranchecomte.fr\/index.php?rest_route=%2Fwp%2Fv2%2Fcomments&post=2917"}],"version-history":[{"count":7,"href":"http:\/\/www.aikidofranchecomte.fr\/index.php?rest_route=\/wp\/v2\/posts\/2917\/revisions"}],"predecessor-version":[{"id":3888,"href":"http:\/\/www.aikidofranchecomte.fr\/index.php?rest_route=\/wp\/v2\/posts\/2917\/revisions\/3888"}],"wp:attachment":[{"href":"http:\/\/www.aikidofranchecomte.fr\/index.php?rest_route=%2Fwp%2Fv2%2Fmedia&parent=2917"}],"wp:term":[{"taxonomy":"category","embeddable":true,"href":"http:\/\/www.aikidofranchecomte.fr\/index.php?rest_route=%2Fwp%2Fv2%2Fcategories&post=2917"},{"taxonomy":"post_tag","embeddable":true,"href":"http:\/\/www.aikidofranchecomte.fr\/index.php?rest_route=%2Fwp%2Fv2%2Ftags&post=2917"}],"curies":[{"name":"wp","href":"https:\/\/api.w.org\/{rel}","templated":true}]}}