{"id":2898,"date":"2015-03-04T12:39:48","date_gmt":"2015-03-04T11:39:48","guid":{"rendered":"http:\/\/www.aikidofranchecomte.fr\/?p=2898"},"modified":"2016-10-02T17:58:54","modified_gmt":"2016-10-02T16:58:54","slug":"hommage-a-tamura-sensei-2","status":"publish","type":"post","link":"http:\/\/www.aikidofranchecomte.fr\/?p=2898","title":{"rendered":"Hommage \u00e0 Tamura Sensei"},"content":{"rendered":"<p align=\"center\"><span style=\"text-decoration: underline;\">STAGE DE LIGUE \u00ab\u00a0 HOMMAGE A TAMURA SENSEI\u00a0\u00bb<\/span><\/p>\n<p align=\"center\"><span style=\"text-decoration: underline;\">Dimanche 01 \u00a0Mars 2015 \u00e0 Pontarlier<\/span><\/p>\n<p>\u00a0<a href=\"http:\/\/www.aikidofranchecomte.fr\/wp-content\/uploads\/2015\/03\/Image3.gif\"><img loading=\"lazy\" decoding=\"async\" class=\"alignleft size-full wp-image-2899\" title=\"Image3\" src=\"http:\/\/www.aikidofranchecomte.fr\/wp-content\/uploads\/2015\/03\/Image3.gif\" alt=\"\" width=\"1113\" height=\"1523\" srcset=\"http:\/\/www.aikidofranchecomte.fr\/wp-content\/uploads\/2015\/03\/Image3.gif 1113w, http:\/\/www.aikidofranchecomte.fr\/wp-content\/uploads\/2015\/03\/Image3-219x300.gif 219w, http:\/\/www.aikidofranchecomte.fr\/wp-content\/uploads\/2015\/03\/Image3-748x1024.gif 748w\" sizes=\"auto, (max-width: 1113px) 100vw, 1113px\" \/><\/a><\/p>\n<p>Quatre heures de pratique ont \u00e9t\u00e9 organis\u00e9es de 9h \u00e0 13h encadr\u00e9es par Jean-Marc CHATIN,<\/p>\n<p>Nathalie DANTIER, David DROUOT et \u00a0R\u00e9gis MERMET.<\/p>\n<p>Trente- quatre \u00a0pratiquants ont particip\u00e9 \u00e0 cet hommage qui a r\u00e9uni plusieurs clubs de Franche-<\/p>\n<p>Comt\u00e9\u00a0: Danjoutin, Doubs, Besan\u00e7on, Ecole Valentin, Audincourt, Rioz, Longchaumois, Novillars, le<\/p>\n<p>Russey et bien s\u00fbr Pontarlier.<\/p>\n<p>Les cours ont \u00e9t\u00e9 de grande qualit\u00e9 et ont soulign\u00e9 ce qui fait notre identit\u00e9 : la place des<\/p>\n<p>armes dans la pratique.<\/p>\n<p>Le pr\u00e9sident de ligue a profit\u00e9 de cette manifestation pour remettre \u00e0 la section aikido du Judo<\/p>\n<p>Pontarlier Haut Doubs un ch\u00e8que de 400\u20ac et le kakemono f\u00e9d\u00e9ral. En effet, la f\u00e9d\u00e9ration avait d\u00e9cid\u00e9<\/p>\n<p>de f\u00e9liciter de cette mani\u00e8re le club de chaque ligue ayant connu la plus forte augmentation de<\/p>\n<p>licences durant la saison 2013\/2014. Pour la ligue de Franche-Comt\u00e9, ce fut la section aikido de<\/p>\n<p>Pontarlier dont le nombre de licenci\u00e9s est pass\u00e9 de 31 \u00e0 43.<\/p>\n<p>Toute l\u2019\u00e9quipe des enseignants de Pontarlier emmen\u00e9e par Roger MARTIN a \u00e9t\u00e9 chaleureusement<\/p>\n<p>applaudie.<\/p>\n<p><a href=\"http:\/\/www.aikidofranchecomte.fr\/wp-content\/uploads\/2015\/03\/Image21.gif\"><img loading=\"lazy\" decoding=\"async\" class=\"alignleft size-full wp-image-2904\" title=\"Image2\" src=\"http:\/\/www.aikidofranchecomte.fr\/wp-content\/uploads\/2015\/03\/Image21.gif\" alt=\"\" width=\"1011\" height=\"568\" srcset=\"http:\/\/www.aikidofranchecomte.fr\/wp-content\/uploads\/2015\/03\/Image21.gif 1011w, http:\/\/www.aikidofranchecomte.fr\/wp-content\/uploads\/2015\/03\/Image21-300x168.gif 300w\" sizes=\"auto, (max-width: 1011px) 100vw, 1011px\" \/><\/a><\/p>\n<p>Le club de Pontarlier a cl\u00f4tur\u00e9 cette demi-journ\u00e9e par un temps de convivialit\u00e9 de qualit\u00e9<\/p>\n<p>copieusement arros\u00e9.<\/p>\n<p>Je remercie les enseignants de la ligue qui ont encadr\u00e9 ce temps de travail mais aussi tous les<\/p>\n<p>pratiquants qui ont particip\u00e9 \u00e0 cette journ\u00e9e, d\u00e9butants comme hauts grad\u00e9s, tout particuli\u00e8rement<\/p>\n<p>ceux qui ont suivi les quatre heures de cours de la matin\u00e9e.<\/p>\n<p>Je tiens \u00e0 remercier le club de Pontarlier\u00a0 qui a organis\u00e9 ce stage efficacement comme \u00e0<\/p>\n<p>l\u2019accoutum\u00e9e\u00a0 et contribu\u00e9 ainsi \u00e0 la r\u00e9ussite de cette journ\u00e9e tant au plan de l\u2019ambiance de travail<\/p>\n<p>que de l\u2019amiti\u00e9 entre les pratiquants.<\/p>\n<p>J.P.M.<\/p>\n<p>&nbsp;<\/p>\n","protected":false},"excerpt":{"rendered":"<p>STAGE DE LIGUE \u00ab\u00a0 HOMMAGE A TAMURA SENSEI\u00a0\u00bb Dimanche 01 \u00a0Mars 2015 \u00e0 Pontarlier \u00a0 Quatre heures de pratique ont \u00e9t\u00e9 organis\u00e9es de 9h \u00e0 13h encadr\u00e9es par Jean-Marc CHATIN, Nathalie DANTIER, David DROUOT et \u00a0R\u00e9gis MERMET. Trente- quatre \u00a0pratiquants ont particip\u00e9 \u00e0 cet hommage qui a r\u00e9uni plusieurs clubs de Franche- Comt\u00e9\u00a0: Danjoutin, Doubs, [&hellip;]<\/p>\n","protected":false},"author":5,"featured_media":0,"comment_status":"closed","ping_status":"open","sticky":false,"template":"","format":"standard","meta":{"ngg_post_thumbnail":0,"footnotes":""},"categories":[34],"tags":[],"class_list":["post-2898","post","type-post","status-publish","format-standard","hentry","category-archives-2015"],"_links":{"self":[{"href":"http:\/\/www.aikidofranchecomte.fr\/index.php?rest_route=\/wp\/v2\/posts\/2898","targetHints":{"allow":["GET"]}}],"collection":[{"href":"http:\/\/www.aikidofranchecomte.fr\/index.php?rest_route=\/wp\/v2\/posts"}],"about":[{"href":"http:\/\/www.aikidofranchecomte.fr\/index.php?rest_route=\/wp\/v2\/types\/post"}],"author":[{"embeddable":true,"href":"http:\/\/www.aikidofranchecomte.fr\/index.php?rest_route=\/wp\/v2\/users\/5"}],"replies":[{"embeddable":true,"href":"http:\/\/www.aikidofranchecomte.fr\/index.php?rest_route=%2Fwp%2Fv2%2Fcomments&post=2898"}],"version-history":[{"count":5,"href":"http:\/\/www.aikidofranchecomte.fr\/index.php?rest_route=\/wp\/v2\/posts\/2898\/revisions"}],"predecessor-version":[{"id":3886,"href":"http:\/\/www.aikidofranchecomte.fr\/index.php?rest_route=\/wp\/v2\/posts\/2898\/revisions\/3886"}],"wp:attachment":[{"href":"http:\/\/www.aikidofranchecomte.fr\/index.php?rest_route=%2Fwp%2Fv2%2Fmedia&parent=2898"}],"wp:term":[{"taxonomy":"category","embeddable":true,"href":"http:\/\/www.aikidofranchecomte.fr\/index.php?rest_route=%2Fwp%2Fv2%2Fcategories&post=2898"},{"taxonomy":"post_tag","embeddable":true,"href":"http:\/\/www.aikidofranchecomte.fr\/index.php?rest_route=%2Fwp%2Fv2%2Ftags&post=2898"}],"curies":[{"name":"wp","href":"https:\/\/api.w.org\/{rel}","templated":true}]}}