{"id":2829,"date":"2015-02-01T23:19:19","date_gmt":"2015-02-01T22:19:19","guid":{"rendered":"http:\/\/www.aikidofranchecomte.fr\/?p=2829"},"modified":"2016-10-02T17:57:05","modified_gmt":"2016-10-02T16:57:05","slug":"1er-stage-avec-brahim-si-guesmi-les-13-14-decembre-a-st-vit-un-succes","status":"publish","type":"post","link":"http:\/\/www.aikidofranchecomte.fr\/?p=2829","title":{"rendered":"1er stage avec Brahim Si Guesmi les 13-14 D\u00e9cembre \u00e0 St-Vit : un succ\u00e8s"},"content":{"rendered":"<table>\n<tbody>\n<tr>\n<td>Le <strong>BUC<\/strong> et <strong>Arts Martiaux Rioz<\/strong> ont eu le plaisir et l&rsquo;honneur d&rsquo;accueillir <strong>Brahim Si Guesmi<\/strong> les 13 et 14 d\u00e9cembre. Ce stage s&rsquo;est d\u00e9roul\u00e9 au <strong>complexe sportif de Saint Vit<\/strong>, qui abrite un superbe dojo, \u00e0 la fois fonctionnel et spacieux. Nos deux associations remercient chaleureusement la mairie de Saint Vit sans qui ce stage n&rsquo;aurait pu avoir lieu dans d&rsquo;aussi bonnes conditions.<br \/>\nC&rsquo;est un Brahim gripp\u00e9 qui est arriv\u00e9 samedi matin, mais que l&rsquo;on n&rsquo;accuse pas nos contr\u00e9es au climat continental, le mal \u00e9tait fait avant ! Malgr\u00e9 son \u00e9tat f\u00e9brile, Brahim a men\u00e9 avec courage les quatre cours du week-end.<\/td>\n<td><a href=\"http:\/\/www.aikidofranchecomte.fr\/wp-content\/uploads\/2015\/02\/ikkyo2.jpg\"><img loading=\"lazy\" decoding=\"async\" class=\"aligncenter size-full wp-image-2843\" title=\"ikkyo2\" src=\"http:\/\/www.aikidofranchecomte.fr\/wp-content\/uploads\/2015\/02\/ikkyo2.jpg\" alt=\"\" width=\"300\" height=\"226\" \/><\/a><\/td>\n<\/tr>\n<tr>\n<td><a href=\"http:\/\/www.aikidofranchecomte.fr\/wp-content\/uploads\/2015\/02\/kokyuNage11.jpg\"><img loading=\"lazy\" decoding=\"async\" class=\"aligncenter size-full wp-image-2849\" title=\"kokyuNage1\" src=\"http:\/\/www.aikidofranchecomte.fr\/wp-content\/uploads\/2015\/02\/kokyuNage11.jpg\" alt=\"\" width=\"300\" height=\"200\" \/><\/a><\/td>\n<td>Le samedi matin, apr\u00e8s une pr\u00e9paration ax\u00e9e sur la souplesse, il nous a propos\u00e9 un travail au jo. Fluidit\u00e9, pr\u00e9cision des placements et des d\u00e9placements ont \u00e9t\u00e9 les principaux objectifs techniques.<\/td>\n<\/tr>\n<tr>\n<td>L&rsquo;apr\u00e8s-midi, quelques enfants ont pu assister \u00e0 un cours qui leur \u00e9tait sp\u00e9cialement destin\u00e9. Brahim a ensuite anim\u00e9 un deuxi\u00e8me cours adulte, ax\u00e9 cette fois-ci sur ushiro ryote dori (variations des entr\u00e9es) et un kumijo.<\/td>\n<td><a href=\"http:\/\/www.aikidofranchecomte.fr\/wp-content\/uploads\/2015\/02\/Isaac.jpg\"><img loading=\"lazy\" decoding=\"async\" class=\"aligncenter size-full wp-image-2852\" title=\"Isaac\" src=\"http:\/\/www.aikidofranchecomte.fr\/wp-content\/uploads\/2015\/02\/Isaac.jpg\" alt=\"\" width=\"300\" height=\"225\" \/><\/a><\/td>\n<\/tr>\n<tr>\n<td><a href=\"http:\/\/www.aikidofranchecomte.fr\/wp-content\/uploads\/2015\/02\/pot.jpg\"><img loading=\"lazy\" decoding=\"async\" class=\"aligncenter size-full wp-image-2855\" title=\"pot\" src=\"http:\/\/www.aikidofranchecomte.fr\/wp-content\/uploads\/2015\/02\/pot.jpg\" alt=\"\" width=\"300\" height=\"204\" \/><\/a><\/td>\n<td>L&rsquo;apr\u00e8s-midi s&rsquo;est termin\u00e9 sur un moment de convivialit\u00e9 au dojo : quelques amuse-bouches et quelques douceurs avaient \u00e9t\u00e9 pr\u00e9par\u00e9es par les membres f\u00e9minins (une fois n&rsquo;est pas coutume) des deux associations.<\/td>\n<\/tr>\n<tr>\n<td>Dimanche matin, Brahim \u00e9tant encore moins en forme que la veille, ses aite, Laurent et Julien, ont pris le relais. Ils nous ont propos\u00e9 une pr\u00e9paration en duo : aite et tori devaient encha\u00eener plusieurs techniques en cherchant le rel\u00e2chement, la fluidit\u00e9 et l&rsquo;harmonie. Puis Brahim a pu effectuer la seconde partie du cours : variations sur shomen uchi et yokomen uchi. Il a trouv\u00e9 la force de passer vers chacun pour corriger les d\u00e9fauts et pour prodiguer des conseils avis\u00e9s.<\/td>\n<td><a href=\"http:\/\/www.aikidofranchecomte.fr\/wp-content\/uploads\/2015\/02\/cadeau.jpg\"><img loading=\"lazy\" decoding=\"async\" class=\"aligncenter size-full wp-image-2858\" title=\"cadeau\" src=\"http:\/\/www.aikidofranchecomte.fr\/wp-content\/uploads\/2015\/02\/cadeau.jpg\" alt=\"\" width=\"300\" height=\"253\" \/><\/a><\/td>\n<\/tr>\n<\/tbody>\n<\/table>\n<p><a href=\"http:\/\/www.aikidofranchecomte.fr\/wp-content\/uploads\/2015\/02\/groupe.jpg\"><img loading=\"lazy\" decoding=\"async\" class=\"aligncenter size-full wp-image-2861\" title=\"groupe\" src=\"http:\/\/www.aikidofranchecomte.fr\/wp-content\/uploads\/2015\/02\/groupe.jpg\" alt=\"\" width=\"600\" height=\"324\" srcset=\"http:\/\/www.aikidofranchecomte.fr\/wp-content\/uploads\/2015\/02\/groupe.jpg 600w, http:\/\/www.aikidofranchecomte.fr\/wp-content\/uploads\/2015\/02\/groupe-300x162.jpg 300w\" sizes=\"auto, (max-width: 600px) 100vw, 600px\" \/><\/a><br \/>\nNous avons pass\u00e9 un stage tr\u00e8s agr\u00e9able et tr\u00e8s profitable et nous tenons \u00e0 exprimer encore une fois notre profonde gratitude \u00e0 Brahim qui a anim\u00e9 ce stage avec abn\u00e9gation. Nous esp\u00e9rons qu&rsquo;il n&rsquo;associera pas \u00e0 tout jamais Saint Vit \u00e0 une s\u00e9v\u00e8re grippe et qu&rsquo;il reviendra nous voir bient\u00f4t\u00a0!<br \/>\nArigato gozaimasu Brahim\u00a0!<\/p>\n<p>Charlotte et Truc-Mai<\/p>\n","protected":false},"excerpt":{"rendered":"<p>Le BUC et Arts Martiaux Rioz ont eu le plaisir et l&rsquo;honneur d&rsquo;accueillir Brahim Si Guesmi les 13 et 14 d\u00e9cembre. Ce stage s&rsquo;est d\u00e9roul\u00e9 au complexe sportif de Saint Vit, qui abrite un superbe dojo, \u00e0 la fois fonctionnel et spacieux. Nos deux associations remercient chaleureusement la mairie de Saint Vit sans qui ce [&hellip;]<\/p>\n","protected":false},"author":3,"featured_media":0,"comment_status":"closed","ping_status":"open","sticky":false,"template":"","format":"standard","meta":{"ngg_post_thumbnail":0,"footnotes":""},"categories":[25,34],"tags":[],"class_list":["post-2829","post","type-post","status-publish","format-standard","hentry","category-cat_vie_clubs","category-archives-2015"],"_links":{"self":[{"href":"http:\/\/www.aikidofranchecomte.fr\/index.php?rest_route=\/wp\/v2\/posts\/2829","targetHints":{"allow":["GET"]}}],"collection":[{"href":"http:\/\/www.aikidofranchecomte.fr\/index.php?rest_route=\/wp\/v2\/posts"}],"about":[{"href":"http:\/\/www.aikidofranchecomte.fr\/index.php?rest_route=\/wp\/v2\/types\/post"}],"author":[{"embeddable":true,"href":"http:\/\/www.aikidofranchecomte.fr\/index.php?rest_route=\/wp\/v2\/users\/3"}],"replies":[{"embeddable":true,"href":"http:\/\/www.aikidofranchecomte.fr\/index.php?rest_route=%2Fwp%2Fv2%2Fcomments&post=2829"}],"version-history":[{"count":33,"href":"http:\/\/www.aikidofranchecomte.fr\/index.php?rest_route=\/wp\/v2\/posts\/2829\/revisions"}],"predecessor-version":[{"id":3881,"href":"http:\/\/www.aikidofranchecomte.fr\/index.php?rest_route=\/wp\/v2\/posts\/2829\/revisions\/3881"}],"wp:attachment":[{"href":"http:\/\/www.aikidofranchecomte.fr\/index.php?rest_route=%2Fwp%2Fv2%2Fmedia&parent=2829"}],"wp:term":[{"taxonomy":"category","embeddable":true,"href":"http:\/\/www.aikidofranchecomte.fr\/index.php?rest_route=%2Fwp%2Fv2%2Fcategories&post=2829"},{"taxonomy":"post_tag","embeddable":true,"href":"http:\/\/www.aikidofranchecomte.fr\/index.php?rest_route=%2Fwp%2Fv2%2Ftags&post=2829"}],"curies":[{"name":"wp","href":"https:\/\/api.w.org\/{rel}","templated":true}]}}