{"id":2813,"date":"2015-02-01T19:52:26","date_gmt":"2015-02-01T18:52:26","guid":{"rendered":"http:\/\/www.aikidofranchecomte.fr\/?p=2813"},"modified":"2016-10-02T17:51:12","modified_gmt":"2016-10-02T16:51:12","slug":"28-29-mars-stage-enfants-a-hauteville","status":"publish","type":"post","link":"http:\/\/www.aikidofranchecomte.fr\/?p=2813","title":{"rendered":"28 29 Mars : stage enfants \u00e0 Hauteville"},"content":{"rendered":"<p>T\u00e9l\u00e9charger <a href=\"http:\/\/www.aikidofranchecomte.fr\/wp-content\/uploads\/2015\/02\/Affiche_stage_Hauteville_2015.pdf\">l&rsquo;affiche<\/a> \/ <a href=\"http:\/\/www.aikidofranchecomte.fr\/wp-content\/uploads\/2015\/02\/Information_HAUTEVILLE_2015.pdf\">Informations du stage<\/a> \/ <a href=\"http:\/\/www.aikidofranchecomte.fr\/wp-content\/uploads\/2015\/02\/Inscriptions-HAUTEVILLE_2015.pdf\">Inscriptions au stage<\/a> \/ <a href=\"http:\/\/www.aikidofranchecomte.fr\/wp-content\/uploads\/2015\/02\/Autorisation_parentale.pdf\">Autorisation parentale<\/a><\/p>\n","protected":false},"excerpt":{"rendered":"<p>T\u00e9l\u00e9charger l&rsquo;affiche \/ Informations du stage \/ Inscriptions au stage \/ Autorisation parentale<\/p>\n","protected":false},"author":3,"featured_media":0,"comment_status":"closed","ping_status":"open","sticky":false,"template":"","format":"standard","meta":{"ngg_post_thumbnail":0,"footnotes":""},"categories":[34],"tags":[],"class_list":["post-2813","post","type-post","status-publish","format-standard","hentry","category-archives-2015"],"_links":{"self":[{"href":"http:\/\/www.aikidofranchecomte.fr\/index.php?rest_route=\/wp\/v2\/posts\/2813","targetHints":{"allow":["GET"]}}],"collection":[{"href":"http:\/\/www.aikidofranchecomte.fr\/index.php?rest_route=\/wp\/v2\/posts"}],"about":[{"href":"http:\/\/www.aikidofranchecomte.fr\/index.php?rest_route=\/wp\/v2\/types\/post"}],"author":[{"embeddable":true,"href":"http:\/\/www.aikidofranchecomte.fr\/index.php?rest_route=\/wp\/v2\/users\/3"}],"replies":[{"embeddable":true,"href":"http:\/\/www.aikidofranchecomte.fr\/index.php?rest_route=%2Fwp%2Fv2%2Fcomments&post=2813"}],"version-history":[{"count":12,"href":"http:\/\/www.aikidofranchecomte.fr\/index.php?rest_route=\/wp\/v2\/posts\/2813\/revisions"}],"predecessor-version":[{"id":2873,"href":"http:\/\/www.aikidofranchecomte.fr\/index.php?rest_route=\/wp\/v2\/posts\/2813\/revisions\/2873"}],"wp:attachment":[{"href":"http:\/\/www.aikidofranchecomte.fr\/index.php?rest_route=%2Fwp%2Fv2%2Fmedia&parent=2813"}],"wp:term":[{"taxonomy":"category","embeddable":true,"href":"http:\/\/www.aikidofranchecomte.fr\/index.php?rest_route=%2Fwp%2Fv2%2Fcategories&post=2813"},{"taxonomy":"post_tag","embeddable":true,"href":"http:\/\/www.aikidofranchecomte.fr\/index.php?rest_route=%2Fwp%2Fv2%2Ftags&post=2813"}],"curies":[{"name":"wp","href":"https:\/\/api.w.org\/{rel}","templated":true}]}}