{"id":2627,"date":"2014-09-29T13:53:56","date_gmt":"2014-09-29T12:53:56","guid":{"rendered":"http:\/\/www.aikidofranchecomte.fr\/?p=2627"},"modified":"2014-10-02T19:57:22","modified_gmt":"2014-10-02T18:57:22","slug":"stage-prive-de-brahim-si-guesmi","status":"publish","type":"post","link":"http:\/\/www.aikidofranchecomte.fr\/?p=2627","title":{"rendered":"13 et 14 D\u00e9cembre : stage priv\u00e9 avec Brahim Si Guesmi \u00e0 St-Vit"},"content":{"rendered":"<p><a href=\"http:\/\/www.aikidofranchecomte.fr\/wp-content\/uploads\/2014\/09\/Stage_Brahim_SiGuesmi.pdf\">T\u00e9l\u00e9charger l&rsquo;affiche<\/a><br \/>\n<a href=\"http:\/\/www.aikidofranchecomte.fr\/wp-content\/uploads\/2014\/09\/Stage_Brahim_SiGuesmi1.jpg\"><img loading=\"lazy\" decoding=\"async\" class=\"aligncenter size-large wp-image-2637\" title=\"Stage_Brahim_SiGuesmi\" src=\"http:\/\/www.aikidofranchecomte.fr\/wp-content\/uploads\/2014\/09\/Stage_Brahim_SiGuesmi1-724x1024.jpg\" alt=\"\" width=\"627\" height=\"886\" srcset=\"http:\/\/www.aikidofranchecomte.fr\/wp-content\/uploads\/2014\/09\/Stage_Brahim_SiGuesmi1-724x1024.jpg 724w, http:\/\/www.aikidofranchecomte.fr\/wp-content\/uploads\/2014\/09\/Stage_Brahim_SiGuesmi1-212x300.jpg 212w, http:\/\/www.aikidofranchecomte.fr\/wp-content\/uploads\/2014\/09\/Stage_Brahim_SiGuesmi1.jpg 794w\" sizes=\"auto, (max-width: 627px) 100vw, 627px\" \/><\/a><\/p>\n","protected":false},"excerpt":{"rendered":"<p>T\u00e9l\u00e9charger l&rsquo;affiche<\/p>\n","protected":false},"author":5,"featured_media":0,"comment_status":"closed","ping_status":"open","sticky":false,"template":"","format":"standard","meta":{"ngg_post_thumbnail":0,"footnotes":""},"categories":[27],"tags":[],"class_list":["post-2627","post","type-post","status-publish","format-standard","hentry","category-cat_inf_stages_prives"],"_links":{"self":[{"href":"http:\/\/www.aikidofranchecomte.fr\/index.php?rest_route=\/wp\/v2\/posts\/2627","targetHints":{"allow":["GET"]}}],"collection":[{"href":"http:\/\/www.aikidofranchecomte.fr\/index.php?rest_route=\/wp\/v2\/posts"}],"about":[{"href":"http:\/\/www.aikidofranchecomte.fr\/index.php?rest_route=\/wp\/v2\/types\/post"}],"author":[{"embeddable":true,"href":"http:\/\/www.aikidofranchecomte.fr\/index.php?rest_route=\/wp\/v2\/users\/5"}],"replies":[{"embeddable":true,"href":"http:\/\/www.aikidofranchecomte.fr\/index.php?rest_route=%2Fwp%2Fv2%2Fcomments&post=2627"}],"version-history":[{"count":6,"href":"http:\/\/www.aikidofranchecomte.fr\/index.php?rest_route=\/wp\/v2\/posts\/2627\/revisions"}],"predecessor-version":[{"id":2664,"href":"http:\/\/www.aikidofranchecomte.fr\/index.php?rest_route=\/wp\/v2\/posts\/2627\/revisions\/2664"}],"wp:attachment":[{"href":"http:\/\/www.aikidofranchecomte.fr\/index.php?rest_route=%2Fwp%2Fv2%2Fmedia&parent=2627"}],"wp:term":[{"taxonomy":"category","embeddable":true,"href":"http:\/\/www.aikidofranchecomte.fr\/index.php?rest_route=%2Fwp%2Fv2%2Fcategories&post=2627"},{"taxonomy":"post_tag","embeddable":true,"href":"http:\/\/www.aikidofranchecomte.fr\/index.php?rest_route=%2Fwp%2Fv2%2Ftags&post=2627"}],"curies":[{"name":"wp","href":"https:\/\/api.w.org\/{rel}","templated":true}]}}