{"id":2270,"date":"2014-06-15T21:45:50","date_gmt":"2014-06-15T20:45:50","guid":{"rendered":"http:\/\/www.aikidofranchecomte.fr\/?p=2270"},"modified":"2014-06-15T21:46:58","modified_gmt":"2014-06-15T20:46:58","slug":"compte-rendu-du-stage-de-pentecote","status":"publish","type":"post","link":"http:\/\/www.aikidofranchecomte.fr\/?p=2270","title":{"rendered":"compte rendu du stage de Pentec\u00f4te"},"content":{"rendered":"<p><a href=\"http:\/\/www.aikidofranchecomte.fr\/wp-content\/uploads\/2014\/06\/P60802273.jpg\"><img loading=\"lazy\" decoding=\"async\" src=\"http:\/\/www.aikidofranchecomte.fr\/wp-content\/uploads\/2014\/06\/P60802273.jpg\" alt=\"\" title=\"OLYMPUS DIGITAL CAMERA\" width=\"1024\" height=\"576\" class=\"aligncenter size-full wp-image-2273\" srcset=\"http:\/\/www.aikidofranchecomte.fr\/wp-content\/uploads\/2014\/06\/P60802273.jpg 1024w, http:\/\/www.aikidofranchecomte.fr\/wp-content\/uploads\/2014\/06\/P60802273-300x168.jpg 300w, http:\/\/www.aikidofranchecomte.fr\/wp-content\/uploads\/2014\/06\/P60802273-150x84.jpg 150w, http:\/\/www.aikidofranchecomte.fr\/wp-content\/uploads\/2014\/06\/P60802273-400x225.jpg 400w\" sizes=\"auto, (max-width: 1024px) 100vw, 1024px\" \/><\/a><\/p>\n<p>\u00a0\u00bb Stage de Pentec\u00f4te 2014<\/p>\n<p>Soixante pratiquants ont particip\u00e9 \u00e0 ce stage de ligue qui s&rsquo;est d\u00e9roul\u00e9 dans la halle des Montboucons. Malgr\u00e9 la chaleur lourde des apr\u00e8s-midis, le rythme de pratique est rest\u00e9 <\/p>\n<p>soutenu.<\/p>\n<p>Pr\u00e8s de la moiti\u00e9 des aikidokas venaient des ligues limitrophes: Lyonnais avec un gros contingent, Dauphin\u00e9 -Savoie, Bourgogne et Lorraine.<\/p>\n<p>Tout le groupe de pratiquants s&rsquo;est retrouv\u00e9 au Centre International de S\u00e9jour pour les d\u00e9jeuners du samedi et dimanche midi ce qui a renforc\u00e9 la convivialit\u00e9 et les liens entre les <\/p>\n<p>stagiaires.<\/p>\n<p>La bonne humeur, l&rsquo;enthousiasme et le niveau technique de Robert ont conquis les personnes qui ne le connaissaient pas.\u00a0\u00bb<\/p>\n<p>Amiti\u00e9s,<\/p>\n<p>Jean-Paul<\/p>\n","protected":false},"excerpt":{"rendered":"<p>\u00a0\u00bb Stage de Pentec\u00f4te 2014 Soixante pratiquants ont particip\u00e9 \u00e0 ce stage de ligue qui s&rsquo;est d\u00e9roul\u00e9 dans la halle des Montboucons. Malgr\u00e9 la chaleur lourde des apr\u00e8s-midis, le rythme de pratique est rest\u00e9 soutenu. Pr\u00e8s de la moiti\u00e9 des aikidokas venaient des ligues limitrophes: Lyonnais avec un gros contingent, Dauphin\u00e9 -Savoie, Bourgogne et Lorraine. [&hellip;]<\/p>\n","protected":false},"author":5,"featured_media":0,"comment_status":"closed","ping_status":"open","sticky":false,"template":"","format":"standard","meta":{"ngg_post_thumbnail":0,"footnotes":""},"categories":[12,22],"tags":[],"class_list":["post-2270","post","type-post","status-publish","format-standard","hentry","category-cat_actu","category-cat_archives"],"_links":{"self":[{"href":"http:\/\/www.aikidofranchecomte.fr\/index.php?rest_route=\/wp\/v2\/posts\/2270","targetHints":{"allow":["GET"]}}],"collection":[{"href":"http:\/\/www.aikidofranchecomte.fr\/index.php?rest_route=\/wp\/v2\/posts"}],"about":[{"href":"http:\/\/www.aikidofranchecomte.fr\/index.php?rest_route=\/wp\/v2\/types\/post"}],"author":[{"embeddable":true,"href":"http:\/\/www.aikidofranchecomte.fr\/index.php?rest_route=\/wp\/v2\/users\/5"}],"replies":[{"embeddable":true,"href":"http:\/\/www.aikidofranchecomte.fr\/index.php?rest_route=%2Fwp%2Fv2%2Fcomments&post=2270"}],"version-history":[{"count":2,"href":"http:\/\/www.aikidofranchecomte.fr\/index.php?rest_route=\/wp\/v2\/posts\/2270\/revisions"}],"predecessor-version":[{"id":2275,"href":"http:\/\/www.aikidofranchecomte.fr\/index.php?rest_route=\/wp\/v2\/posts\/2270\/revisions\/2275"}],"wp:attachment":[{"href":"http:\/\/www.aikidofranchecomte.fr\/index.php?rest_route=%2Fwp%2Fv2%2Fmedia&parent=2270"}],"wp:term":[{"taxonomy":"category","embeddable":true,"href":"http:\/\/www.aikidofranchecomte.fr\/index.php?rest_route=%2Fwp%2Fv2%2Fcategories&post=2270"},{"taxonomy":"post_tag","embeddable":true,"href":"http:\/\/www.aikidofranchecomte.fr\/index.php?rest_route=%2Fwp%2Fv2%2Ftags&post=2270"}],"curies":[{"name":"wp","href":"https:\/\/api.w.org\/{rel}","templated":true}]}}