{"id":2256,"date":"2014-05-29T22:35:51","date_gmt":"2014-05-29T21:35:51","guid":{"rendered":"http:\/\/www.aikidofranchecomte.fr\/?p=2256"},"modified":"2014-09-19T08:51:52","modified_gmt":"2014-09-19T07:51:52","slug":"inauguration-du-nouveau-dojo-de-longchaumois","status":"publish","type":"post","link":"http:\/\/www.aikidofranchecomte.fr\/?p=2256","title":{"rendered":"Inauguration du nouveau Dojo de Longchaumois"},"content":{"rendered":"<p>Je suis un pr\u00e9sident heureux, malgr\u00e9 tous les retards dans les travaux et gr\u00e2ce \u00e0 l&rsquo;aide des b\u00e9n\u00e9voles de l&rsquo;a\u00efkika\u00ef du Haut Jura, nous avons pu ouvrir le Dojo \u00e0 temps, dans le nouveau b\u00e2timent que la Commune et la Communaut\u00e9 ont mis \u00e0 notre disposition. Caroline, Maud et Thomas ont aid\u00e9 \u00e0 la mise en place des tatamis et nous avons pu installer les protections murales jeudi, d\u00e8s qu&rsquo;elles ont \u00e9t\u00e9 livr\u00e9es. Jean-Marc Chatin s&rsquo;est charg\u00e9 de la d\u00e9co et des am\u00e9nagements : r\u00e9sultat un vrai dojo de 60m2 avec une \u00e2me.<\/p>\n<p>Comme dit Djelloul Fertane \u00ab on n&rsquo;a pas chang\u00e9 de Dojo, il est juste plus grand, on a amen\u00e9 l\u2019atmosph\u00e8re avec nous\u00a0\u00bb.<\/p>\n<p>Termin\u00e9 jeudi, nous avons pu accueillir Aude Pellegrin, que nous avions rencontr\u00e9e avec Jean-Marc Chatin lors du Stage de Jean-Pierre Pigeau \u00e0 Saint-Symphorien, pour un <strong>stage jeunes le samedi 24 Mai<\/strong>.<\/p>\n<table>\n<tbody>\n<tr>\n<td><a href=\"http:\/\/www.aikidofranchecomte.fr\/wp-content\/uploads\/2014\/05\/longchaum_kokyuho.jpg\"><img loading=\"lazy\" decoding=\"async\" class=\"aligncenter size-medium wp-image-2259\" title=\"kokyuho\" src=\"http:\/\/www.aikidofranchecomte.fr\/wp-content\/uploads\/2014\/05\/longchaum_kokyuho-300x225.jpg\" alt=\"\" width=\"300\" height=\"225\" srcset=\"http:\/\/www.aikidofranchecomte.fr\/wp-content\/uploads\/2014\/05\/longchaum_kokyuho-300x225.jpg 300w, http:\/\/www.aikidofranchecomte.fr\/wp-content\/uploads\/2014\/05\/longchaum_kokyuho-1024x768.jpg 1024w, http:\/\/www.aikidofranchecomte.fr\/wp-content\/uploads\/2014\/05\/longchaum_kokyuho-150x112.jpg 150w, http:\/\/www.aikidofranchecomte.fr\/wp-content\/uploads\/2014\/05\/longchaum_kokyuho-400x300.jpg 400w, http:\/\/www.aikidofranchecomte.fr\/wp-content\/uploads\/2014\/05\/longchaum_kokyuho.jpg 1500w\" sizes=\"auto, (max-width: 300px) 100vw, 300px\" \/><\/a><\/td>\n<td>On n&rsquo;aurait pas pu faire \u00e7a si tout le monde ne s&rsquo;y \u00e9tait pas mis :<\/p>\n<p>Monique l\u2019\u00e9pici\u00e8re et Sandrine la boulang\u00e8re, d\u00e8s<\/p>\n<p>8heures, nous approvisionnaient pour le petit-d\u00e9jeuner<\/p>\n<p>et \u00e0 midi, Christian le boucher du village et sa femme<\/p>\n<p>Carine fournissaient les hamburgers et les frites pour<\/p>\n<p>tous les jeunes, affam\u00e9s comme des loups.<\/td>\n<\/tr>\n<tr>\n<td><a href=\"http:\/\/www.aikidofranchecomte.fr\/wp-content\/uploads\/2014\/05\/longchaum_groupe.jpg\"><img loading=\"lazy\" decoding=\"async\" class=\"aligncenter size-medium wp-image-2258\" title=\"stage_groupe\" src=\"http:\/\/www.aikidofranchecomte.fr\/wp-content\/uploads\/2014\/05\/longchaum_groupe-300x225.jpg\" alt=\"\" width=\"300\" height=\"225\" srcset=\"http:\/\/www.aikidofranchecomte.fr\/wp-content\/uploads\/2014\/05\/longchaum_groupe-300x225.jpg 300w, http:\/\/www.aikidofranchecomte.fr\/wp-content\/uploads\/2014\/05\/longchaum_groupe-1024x768.jpg 1024w, http:\/\/www.aikidofranchecomte.fr\/wp-content\/uploads\/2014\/05\/longchaum_groupe-150x112.jpg 150w, http:\/\/www.aikidofranchecomte.fr\/wp-content\/uploads\/2014\/05\/longchaum_groupe-400x300.jpg 400w, http:\/\/www.aikidofranchecomte.fr\/wp-content\/uploads\/2014\/05\/longchaum_groupe.jpg 1500w\" sizes=\"auto, (max-width: 300px) 100vw, 300px\" \/><\/a><\/td>\n<td>L\u00e0 je suis vraiment heureux car nous avons fait le<\/p>\n<p>plein avec 30 personnes sur le tatamis, dont 26<\/p>\n<p>jeunes.<\/p>\n<p>On n&rsquo;aurait pas pu en mettre plus. Et ils sont venus<\/p>\n<p>de tout le Haut-Jura, certains ont fait plus de trente<\/p>\n<p>kilom\u00e8tres pour assister au stage.<\/td>\n<\/tr>\n<tr>\n<td>M\u00eame le temps y \u00e9tait, comme \u00e7a nous avons pu pic-niquer dehors et l\u2019apr\u00e8s midi<\/p>\n<p>faire du bokken en plein air, ce qui a permis de pr\u00e9senter l&rsquo;a\u00efkido au gens<\/p>\n<p>qui se promenaient sur la route et aux voisins du dojo.<\/td>\n<td><a href=\"http:\/\/www.aikidofranchecomte.fr\/wp-content\/uploads\/2014\/05\/longchaum_boken.jpg\"><img loading=\"lazy\" decoding=\"async\" class=\"aligncenter size-medium wp-image-2260\" title=\"exterieur_boken\" src=\"http:\/\/www.aikidofranchecomte.fr\/wp-content\/uploads\/2014\/05\/longchaum_boken-300x225.jpg\" alt=\"\" width=\"300\" height=\"225\" srcset=\"http:\/\/www.aikidofranchecomte.fr\/wp-content\/uploads\/2014\/05\/longchaum_boken-300x225.jpg 300w, http:\/\/www.aikidofranchecomte.fr\/wp-content\/uploads\/2014\/05\/longchaum_boken-1024x768.jpg 1024w, http:\/\/www.aikidofranchecomte.fr\/wp-content\/uploads\/2014\/05\/longchaum_boken-150x112.jpg 150w, http:\/\/www.aikidofranchecomte.fr\/wp-content\/uploads\/2014\/05\/longchaum_boken-400x300.jpg 400w, http:\/\/www.aikidofranchecomte.fr\/wp-content\/uploads\/2014\/05\/longchaum_boken.jpg 1500w\" sizes=\"auto, (max-width: 300px) 100vw, 300px\" \/><\/a><\/td>\n<\/tr>\n<\/tbody>\n<\/table>\n<p>Ca va \u00eatre difficile de faire mieux la prochaine fois, mais Jean-Marc a lanc\u00e9 l\u2019id\u00e9e d&rsquo;une formule stage le matin de 9 \u00e0 13heures et barbecue devant le dojo l\u2019apr\u00e8s-midi. \u00e7a peut \u00eatre sympa ! Il faudra juste que le temps soit avec nous&#8230;. \u00e0 suivre&#8230;..<\/p>\n<p><a href=\"http:\/\/www.aikidofranchecomte.fr\/wp-content\/uploads\/2014\/05\/longchaum_boken2.jpg\"><img loading=\"lazy\" decoding=\"async\" class=\"aligncenter size-large wp-image-2261\" title=\"exterieur_boken2\" src=\"http:\/\/www.aikidofranchecomte.fr\/wp-content\/uploads\/2014\/05\/longchaum_boken2-1024x503.jpg\" alt=\"\" width=\"640\" height=\"314\" srcset=\"http:\/\/www.aikidofranchecomte.fr\/wp-content\/uploads\/2014\/05\/longchaum_boken2-1024x503.jpg 1024w, http:\/\/www.aikidofranchecomte.fr\/wp-content\/uploads\/2014\/05\/longchaum_boken2-300x147.jpg 300w, http:\/\/www.aikidofranchecomte.fr\/wp-content\/uploads\/2014\/05\/longchaum_boken2-150x73.jpg 150w, http:\/\/www.aikidofranchecomte.fr\/wp-content\/uploads\/2014\/05\/longchaum_boken2-400x196.jpg 400w, http:\/\/www.aikidofranchecomte.fr\/wp-content\/uploads\/2014\/05\/longchaum_boken2.jpg 1500w\" sizes=\"auto, (max-width: 640px) 100vw, 640px\" \/><\/a><br \/>\n\u00ab\u00a0Je suis un pr\u00e9sident heureux\u00a0\u00bb par Guy Brunet.<\/p>\n","protected":false},"excerpt":{"rendered":"<p>Je suis un pr\u00e9sident heureux, malgr\u00e9 tous les retards dans les travaux et gr\u00e2ce \u00e0 l&rsquo;aide des b\u00e9n\u00e9voles de l&rsquo;a\u00efkika\u00ef du Haut Jura, nous avons pu ouvrir le Dojo \u00e0 temps, dans le nouveau b\u00e2timent que la Commune et la Communaut\u00e9 ont mis \u00e0 notre disposition. Caroline, Maud et Thomas ont aid\u00e9 \u00e0 la mise [&hellip;]<\/p>\n","protected":false},"author":3,"featured_media":0,"comment_status":"closed","ping_status":"open","sticky":false,"template":"","format":"standard","meta":{"ngg_post_thumbnail":0,"footnotes":""},"categories":[25],"tags":[],"class_list":["post-2256","post","type-post","status-publish","format-standard","hentry","category-cat_vie_clubs"],"_links":{"self":[{"href":"http:\/\/www.aikidofranchecomte.fr\/index.php?rest_route=\/wp\/v2\/posts\/2256","targetHints":{"allow":["GET"]}}],"collection":[{"href":"http:\/\/www.aikidofranchecomte.fr\/index.php?rest_route=\/wp\/v2\/posts"}],"about":[{"href":"http:\/\/www.aikidofranchecomte.fr\/index.php?rest_route=\/wp\/v2\/types\/post"}],"author":[{"embeddable":true,"href":"http:\/\/www.aikidofranchecomte.fr\/index.php?rest_route=\/wp\/v2\/users\/3"}],"replies":[{"embeddable":true,"href":"http:\/\/www.aikidofranchecomte.fr\/index.php?rest_route=%2Fwp%2Fv2%2Fcomments&post=2256"}],"version-history":[{"count":6,"href":"http:\/\/www.aikidofranchecomte.fr\/index.php?rest_route=\/wp\/v2\/posts\/2256\/revisions"}],"predecessor-version":[{"id":2606,"href":"http:\/\/www.aikidofranchecomte.fr\/index.php?rest_route=\/wp\/v2\/posts\/2256\/revisions\/2606"}],"wp:attachment":[{"href":"http:\/\/www.aikidofranchecomte.fr\/index.php?rest_route=%2Fwp%2Fv2%2Fmedia&parent=2256"}],"wp:term":[{"taxonomy":"category","embeddable":true,"href":"http:\/\/www.aikidofranchecomte.fr\/index.php?rest_route=%2Fwp%2Fv2%2Fcategories&post=2256"},{"taxonomy":"post_tag","embeddable":true,"href":"http:\/\/www.aikidofranchecomte.fr\/index.php?rest_route=%2Fwp%2Fv2%2Ftags&post=2256"}],"curies":[{"name":"wp","href":"https:\/\/api.w.org\/{rel}","templated":true}]}}